{"id":16417,"date":"2026-03-06T14:08:01","date_gmt":"2026-03-06T13:08:01","guid":{"rendered":"https:\/\/www.interreg-sverige-norge.com\/?p=16417"},"modified":"2026-03-06T14:15:50","modified_gmt":"2026-03-06T13:15:50","slug":"expande-slik-ble-grensen-en-mulighet-for-unge-i-eda-og-eidskog","status":"publish","type":"post","link":"https:\/\/www.interreg-sverige-norge.com\/no\/expande-slik-ble-grensen-en-mulighet-for-unge-i-eda-og-eidskog\/","title":{"rendered":"ExpandE: Slik ble grensen en mulighet for unge i Eda og Eidskog"},"content":{"rendered":"\n<p><strong>Hva skjer n\u00e5r unge f\u00e5r verkt\u00f8yene de trenger for \u00e5 jobbe, skape og samarbeide p\u00e5 tvers av en landegrense? I grenseregionen mellom Eda og Eidskog har Interreg Sverige-Norge prosjektet ExpandE vist at et felles arbeidsmarked er mulig. Resultatet er \u00f8kt ansettbarhet, nye m\u00f8teplasser mellom unge og arbeidsgivere \u2013 og politisk bevegelse for \u00e5 fjerne et av regionens mest seiglivede grensehindre. Prosjektet ble ogs\u00e5 presentert for kronprins Haakon og kronprinsesse Victoria.<\/strong><\/p>\n\n\n\n<h2 class=\"wp-block-heading\"><strong>To land \u2013 ett arbeidsmarked<\/strong><\/h2>\n\n\n\n<p>Eda og Eidskog er tett sammenvevd i hverdagen. Mange bor p\u00e5 den ene siden av grensen og jobber p\u00e5 den andre. Likevel ble s\u00e5rbarheten i regionen tydelig da grensen stengte under pandemien \u2013 for f\u00f8rste gang siden andre verdenskrig.<\/p>\n\n\n\n<p>Interreg Sverige-Norge prosjektet ExpandE tok utgangspunkt i denne erfaringen. M\u00e5let var \u00e5 redusere kulturelle, mentale og administrative grensehindre, og samtidig \u00e5pne d\u00f8rene til arbeidslivet for unge som st\u00e5r langt fra jobb og utdanning. Over tre \u00e5r har prosjektet vist hvordan samarbeid, kunnskap og praktiske verkt\u00f8y kan gj\u00f8re grensen mindre \u2013 og mulighetene st\u00f8rre.<\/p>\n\n\n\n<figure class=\"wp-block-image size-full\"><img fetchpriority=\"high\" decoding=\"async\" width=\"1000\" height=\"750\" src=\"https:\/\/www.interreg-sverige-norge.com\/wp-content\/uploads\/Event-EU-dagen-foto-Jan-Elofsson-1000x750-1.jpg\" alt=\"\" class=\"wp-image-16421\" srcset=\"https:\/\/www.interreg-sverige-norge.com\/wp-content\/uploads\/Event-EU-dagen-foto-Jan-Elofsson-1000x750-1.jpg 1000w, https:\/\/www.interreg-sverige-norge.com\/wp-content\/uploads\/Event-EU-dagen-foto-Jan-Elofsson-1000x750-1-300x225.jpg 300w, https:\/\/www.interreg-sverige-norge.com\/wp-content\/uploads\/Event-EU-dagen-foto-Jan-Elofsson-1000x750-1-768x576.jpg 768w\" sizes=\"(max-width: 1000px) 100vw, 1000px\" \/><figcaption class=\"wp-element-caption\">Arrangement p\u00e5 Grensetjenesten Morokulien Europadagen 9. mai 2025. Grensel\u00f8st arbeidsmarked. Foto: Jan Elofsson<\/figcaption><\/figure>\n\n\n\n<h2 class=\"wp-block-heading\"><strong>Digital oppl\u00e6ring som senker terskelen til arbeidslivet<\/strong><\/h2>\n\n\n\n<p>Et av de mest varige resultatene fra ExpandE er den mobilbaserte oppl\u00e6ringen&nbsp;<strong>Ny p\u00e5 jobben \/ Ny p\u00e5 jobbet<\/strong>. Appen gir unge en konkret og praktisk innf\u00f8ring i hvordan det er \u00e5 v\u00e6re ny p\u00e5 en arbeidsplass \u2013 med temaer som m\u00f8ter, arbeidstid, kleskode og samspill med kolleger.<\/p>\n\n\n\n<p>Oppl\u00e6ringen er bygget for aktiv l\u00e6ring. Deltakerne m\u00e5 best\u00e5 korte tester for \u00e5 g\u00e5 videre, noe som gj\u00f8r b\u00e5de progresjon og l\u00e6ringsutbytte m\u00e5lbar. Appen er tilgjengelig p\u00e5 sju spr\u00e5k og brukes i dag av b\u00e5de unge, arbeidsgivere og offentlige akt\u00f8rer \u2013 ogs\u00e5 etter at prosjektet er avsluttet.<\/p>\n\n\n\n<h2 class=\"wp-block-heading\"><strong><strong><strong>N\u00e5r unge m\u00f8ter arbeidsgivere \u2013 p\u00e5 ordentlig<\/strong><\/strong><\/strong><\/h2>\n\n\n\n<p>For mange unge er veien til jobb kortere n\u00e5r de f\u00e5r m\u00f8te arbeidsgivere ansikt til ansikt. Derfor ble&nbsp;Mulighetsdagene&nbsp;en viktig del av ExpandE. Tre slike arrangementer samlet hundrevis av unge og over 30 bedrifter fra b\u00e5de Sverige og Norge.<\/p>\n\n\n\n<p>Her fikk deltakerne informasjon om regelverk for grensearbeid, hjelp til CV og direkte kontakt med arbeidsgivere som trengte arbeidskraft. Samtidig fikk bedriftene \u00f8kt forst\u00e5else for kulturelle forskjeller og ulike m\u00e5ter \u00e5 drive forretning p\u00e5 begge sider av grensen. Formatet har vist seg s\u00e5 vellykket at det videref\u00f8res ogs\u00e5 etter prosjektets slutt.<\/p>\n\n\n\n<figure class=\"wp-block-image size-full\"><img decoding=\"async\" width=\"657\" height=\"493\" src=\"https:\/\/www.interreg-sverige-norge.com\/wp-content\/uploads\/Bilde6.png\" alt=\"\" class=\"wp-image-16422\" srcset=\"https:\/\/www.interreg-sverige-norge.com\/wp-content\/uploads\/Bilde6.png 657w, https:\/\/www.interreg-sverige-norge.com\/wp-content\/uploads\/Bilde6-300x225.png 300w\" sizes=\"(max-width: 657px) 100vw, 657px\" \/><figcaption class=\"wp-element-caption\">Mulighetsdag, Kamilla Thue. Foto: Jan Elofsson<\/figcaption><\/figure>\n\n\n\n<h2 class=\"wp-block-heading\"><strong>Grensel\u00f8st ungt entrepren\u00f8rskap \u2013 fra id\u00e9 til handling<\/strong><\/h2>\n\n\n\n<p>ExpandE har ogs\u00e5 utviklet og testet en metode for&nbsp;grensel\u00f8st ungt entrepren\u00f8rskap, tilpasset b\u00e5de svenske og norske forhold. Gjennom intensive oppl\u00e6ringsuker har unge f\u00e5tt trene p\u00e5 samarbeid, kommunikasjon, m\u00e5lsetting og probleml\u00f8sning \u2013 basert p\u00e5 reelle oppdrag fra virkelige oppdragsgivere.<\/p>\n\n\n\n<p>Effektene er tydelige. Deltakerne har vist \u00f8kt handlekraft, h\u00f8yere s\u00f8keaktivitet og st\u00f8rre trygghet i m\u00f8te med arbeidslivet. Metoden er samlet i en egen metodebok, som n\u00e5 kan brukes av kommuner, prosjekter og organisasjoner p\u00e5 begge sider av grensen.<\/p>\n\n\n\n<figure class=\"wp-block-image size-full\"><img decoding=\"async\" width=\"1000\" height=\"1000\" src=\"https:\/\/www.interreg-sverige-norge.com\/wp-content\/uploads\/Exempel-kampanje-SWE-1000x1000-1.jpg\" alt=\"\" class=\"wp-image-16423\" srcset=\"https:\/\/www.interreg-sverige-norge.com\/wp-content\/uploads\/Exempel-kampanje-SWE-1000x1000-1.jpg 1000w, https:\/\/www.interreg-sverige-norge.com\/wp-content\/uploads\/Exempel-kampanje-SWE-1000x1000-1-300x300.jpg 300w, https:\/\/www.interreg-sverige-norge.com\/wp-content\/uploads\/Exempel-kampanje-SWE-1000x1000-1-150x150.jpg 150w, https:\/\/www.interreg-sverige-norge.com\/wp-content\/uploads\/Exempel-kampanje-SWE-1000x1000-1-768x768.jpg 768w\" sizes=\"(max-width: 1000px) 100vw, 1000px\" \/><\/figure>\n\n\n\n<h2 class=\"wp-block-heading\"><strong>N\u00e5r praksis stopper ved grensen<\/strong><\/h2>\n\n\n\n<p>Et av de mest krevende funnene i prosjektet var at unge fortsatt ikke kan ha praksis over grensen \u2013 selv om de kan jobbe og studere der. ExpandE har dokumentert problemet grundig og l\u00f8ftet det politisk gjennom kampanjen praktikovergrensen.nu.<\/p>\n\n\n\n<p>Behovet for regelendringer er blitt formidlet til Stortinget, Riksdagen og Grenser\u00e5det, og prosjektet ble ogs\u00e5 presentert for kronprins Haakon og kronprinsesse Victoria.<\/p>\n\n\n\n<p>Arbeidet har gitt konkrete resultater: I Sverige er forslag til regelendringer fremmet, og i Norge er en statlig utredning satt i gang. Dermed har ExpandE bidratt til mer enn lokale l\u00f8sninger \u2013 prosjektet har satt varige spor i det nasjonale arbeidet med \u00e5 fjerne grensehindre.<\/p>\n\n\n\n<h2 class=\"wp-block-heading\"><strong>Et resultat som varer<\/strong><\/h2>\n\n\n\n<p>ExpandE har vist at et grensel\u00f8st arbeidsmarked ikke er en visjon \u2013 det er mulig i praksis. Over 50 unge er forberedt p\u00e5 arbeidslivet i grenseregionen, rundt 100 har m\u00f8tt arbeidsgivere p\u00e5 tvers av grensen, og over 30 bedrifter har f\u00e5tt ny kompetanse om kultur og samarbeid.<\/p>\n\n\n\n<p>Metodene, oppl\u00e6ringen og verkt\u00f8yene lever videre. Det samme gj\u00f8r ambisjonen om at unge i Eda og Eidskog skal kunne bruke hele regionen som sin arena.<\/p>\n\n\n\n<figure class=\"wp-block-image size-full\"><img loading=\"lazy\" decoding=\"async\" width=\"1000\" height=\"926\" src=\"https:\/\/www.interreg-sverige-norge.com\/wp-content\/uploads\/bf316323-ebcc-4349-ad14-a8e7b75dce0a-1000x926-1.png\" alt=\"\" class=\"wp-image-16424\" srcset=\"https:\/\/www.interreg-sverige-norge.com\/wp-content\/uploads\/bf316323-ebcc-4349-ad14-a8e7b75dce0a-1000x926-1.png 1000w, https:\/\/www.interreg-sverige-norge.com\/wp-content\/uploads\/bf316323-ebcc-4349-ad14-a8e7b75dce0a-1000x926-1-300x278.png 300w, https:\/\/www.interreg-sverige-norge.com\/wp-content\/uploads\/bf316323-ebcc-4349-ad14-a8e7b75dce0a-1000x926-1-768x711.png 768w\" sizes=\"(max-width: 1000px) 100vw, 1000px\" \/><figcaption class=\"wp-element-caption\">Terje Granheim fra Vekstbedriften Vilja AS, Norsk prosjektleder for ExpandE. Foto: Privat<\/figcaption><\/figure>\n\n\n\n<p>&#8211; N\u00e5r unge f\u00e5r kunnskap, m\u00f8teplasser og tillit, slutter grensen \u00e5 v\u00e6re en barriere \u2013 og blir i stedet en mulighet, sier Terje Granheim fra Vekstbedriften Vilja AS, Norsk prosjektleder for ExpandE.<\/p>\n\n\n\n<p><strong>Du kan lese mer om prosjektet i v\u00e5r <a href=\"https:\/\/www.interreg-sverige-norge.com\/no\/projekt\/expande\/\">prosjektbank<\/a><\/strong>.<\/p>\n\n\n\n<figure class=\"wp-block-image size-full\"><img loading=\"lazy\" decoding=\"async\" width=\"691\" height=\"691\" src=\"https:\/\/www.interreg-sverige-norge.com\/wp-content\/uploads\/Bilde7.png\" alt=\"\" class=\"wp-image-16425\" srcset=\"https:\/\/www.interreg-sverige-norge.com\/wp-content\/uploads\/Bilde7.png 691w, https:\/\/www.interreg-sverige-norge.com\/wp-content\/uploads\/Bilde7-300x300.png 300w, https:\/\/www.interreg-sverige-norge.com\/wp-content\/uploads\/Bilde7-150x150.png 150w\" sizes=\"(max-width: 691px) 100vw, 691px\" \/><\/figure>\n\n\n\n<p><em>Forfatter: Liv Randi Lindseth<br><i>Denna artikel publicerades f\u00f8rst p\u00e5 <\/i><a style=\"font-style: italic;\" href=\"https:\/\/interreg.no\/\" data-type=\"link\" data-id=\"https:\/\/interreg.no\/\">interreg.no.<\/a><\/em><\/p>\n\n\n\n<p><\/p>\n","protected":false},"excerpt":{"rendered":"<p>Hva skjer n\u00e5r unge f\u00e5r verkt\u00f8yene de trenger for \u00e5 jobbe, skape og samarbeide p\u00e5 tvers av en landegrense? I grenseregionen mellom Eda og Eidskog har Interreg Sverige-Norge prosjektet ExpandE vist at et felles arbeidsmarked er mulig. Resultatet er \u00f8kt ansettbarhet, nye m\u00f8teplasser mellom unge og arbeidsgivere \u2013 og politisk bevegelse for \u00e5 fjerne et [&hellip;]<\/p>\n","protected":false},"author":21,"featured_media":16420,"comment_status":"closed","ping_status":"closed","sticky":false,"template":"","format":"standard","meta":{"_jf_schedule_form":"","_jf_limit_responses":"","footnotes":""},"categories":[24],"tags":[],"class_list":["post-16417","post","type-post","status-publish","format-standard","has-post-thumbnail","hentry","category-aktuellt"],"yoast_head":"<!-- This site is optimized with the Yoast SEO plugin v27.5 - https:\/\/yoast.com\/product\/yoast-seo-wordpress\/ -->\n<title>ExpandE: Slik ble grensen en mulighet for unge i Eda og Eidskog - Interreg Sverige-Norge<\/title>\n<meta name=\"robots\" content=\"index, follow, max-snippet:-1, max-image-preview:large, max-video-preview:-1\" \/>\n<link rel=\"canonical\" href=\"https:\/\/www.interreg-sverige-norge.com\/no\/expande-slik-ble-grensen-en-mulighet-for-unge-i-eda-og-eidskog\/\" \/>\n<meta property=\"og:locale\" content=\"nb_NO\" \/>\n<meta property=\"og:type\" content=\"article\" \/>\n<meta property=\"og:title\" content=\"ExpandE: Slik ble grensen en mulighet for unge i Eda og Eidskog - Interreg Sverige-Norge\" \/>\n<meta property=\"og:description\" content=\"Hva skjer n\u00e5r unge f\u00e5r verkt\u00f8yene de trenger for \u00e5 jobbe, skape og samarbeide p\u00e5 tvers av en landegrense? I grenseregionen mellom Eda og Eidskog har Interreg Sverige-Norge prosjektet ExpandE vist at et felles arbeidsmarked er mulig. Resultatet er \u00f8kt ansettbarhet, nye m\u00f8teplasser mellom unge og arbeidsgivere \u2013 og politisk bevegelse for \u00e5 fjerne et [&hellip;]\" \/>\n<meta property=\"og:url\" content=\"https:\/\/www.interreg-sverige-norge.com\/no\/expande-slik-ble-grensen-en-mulighet-for-unge-i-eda-og-eidskog\/\" \/>\n<meta property=\"og:site_name\" content=\"Interreg Sverige-Norge\" \/>\n<meta property=\"article:publisher\" content=\"https:\/\/www.facebook.com\/Interreg-Sverige-Norge-543432269147183\/\" \/>\n<meta property=\"article:published_time\" content=\"2026-03-06T13:08:01+00:00\" \/>\n<meta property=\"article:modified_time\" content=\"2026-03-06T13:15:50+00:00\" \/>\n<meta property=\"og:image\" content=\"https:\/\/www.interreg-sverige-norge.com\/wp-content\/uploads\/Kungligheter-och-ExpandE-Foto-Georg-Andren-1024x819.png\" \/>\n\t<meta property=\"og:image:width\" content=\"1024\" \/>\n\t<meta property=\"og:image:height\" content=\"819\" \/>\n\t<meta property=\"og:image:type\" content=\"image\/png\" \/>\n<meta name=\"author\" content=\"Marie Bohman L\u00e5te\" \/>\n<meta name=\"twitter:card\" content=\"summary_large_image\" \/>\n<meta name=\"twitter:label1\" content=\"Skrevet av\" \/>\n\t<meta name=\"twitter:data1\" content=\"Marie Bohman L\u00e5te\" \/>\n\t<meta name=\"twitter:label2\" content=\"Ansl. lesetid\" \/>\n\t<meta name=\"twitter:data2\" content=\"4 minutter\" \/>\n<script type=\"application\/ld+json\" class=\"yoast-schema-graph\">{\"@context\":\"https:\\\/\\\/schema.org\",\"@graph\":[{\"@type\":\"Article\",\"@id\":\"https:\\\/\\\/www.interreg-sverige-norge.com\\\/no\\\/expande-slik-ble-grensen-en-mulighet-for-unge-i-eda-og-eidskog\\\/#article\",\"isPartOf\":{\"@id\":\"https:\\\/\\\/www.interreg-sverige-norge.com\\\/no\\\/expande-slik-ble-grensen-en-mulighet-for-unge-i-eda-og-eidskog\\\/\"},\"author\":{\"name\":\"Marie Bohman L\u00e5te\",\"@id\":\"https:\\\/\\\/www.interreg-sverige-norge.com\\\/no\\\/#\\\/schema\\\/person\\\/7d330759cf4ffb221df5697087f1f836\"},\"headline\":\"ExpandE: Slik ble grensen en mulighet for unge i Eda og Eidskog\",\"datePublished\":\"2026-03-06T13:08:01+00:00\",\"dateModified\":\"2026-03-06T13:15:50+00:00\",\"mainEntityOfPage\":{\"@id\":\"https:\\\/\\\/www.interreg-sverige-norge.com\\\/no\\\/expande-slik-ble-grensen-en-mulighet-for-unge-i-eda-og-eidskog\\\/\"},\"wordCount\":776,\"publisher\":{\"@id\":\"https:\\\/\\\/www.interreg-sverige-norge.com\\\/no\\\/#organization\"},\"image\":{\"@id\":\"https:\\\/\\\/www.interreg-sverige-norge.com\\\/no\\\/expande-slik-ble-grensen-en-mulighet-for-unge-i-eda-og-eidskog\\\/#primaryimage\"},\"thumbnailUrl\":\"https:\\\/\\\/www.interreg-sverige-norge.com\\\/wp-content\\\/uploads\\\/Kungligheter-och-ExpandE-Foto-Georg-Andren.png\",\"articleSection\":[\"Artiklar\"],\"inLanguage\":\"nb-NO\"},{\"@type\":\"WebPage\",\"@id\":\"https:\\\/\\\/www.interreg-sverige-norge.com\\\/no\\\/expande-slik-ble-grensen-en-mulighet-for-unge-i-eda-og-eidskog\\\/\",\"url\":\"https:\\\/\\\/www.interreg-sverige-norge.com\\\/no\\\/expande-slik-ble-grensen-en-mulighet-for-unge-i-eda-og-eidskog\\\/\",\"name\":\"ExpandE: Slik ble grensen en mulighet for unge i Eda og Eidskog - Interreg Sverige-Norge\",\"isPartOf\":{\"@id\":\"https:\\\/\\\/www.interreg-sverige-norge.com\\\/no\\\/#website\"},\"primaryImageOfPage\":{\"@id\":\"https:\\\/\\\/www.interreg-sverige-norge.com\\\/no\\\/expande-slik-ble-grensen-en-mulighet-for-unge-i-eda-og-eidskog\\\/#primaryimage\"},\"image\":{\"@id\":\"https:\\\/\\\/www.interreg-sverige-norge.com\\\/no\\\/expande-slik-ble-grensen-en-mulighet-for-unge-i-eda-og-eidskog\\\/#primaryimage\"},\"thumbnailUrl\":\"https:\\\/\\\/www.interreg-sverige-norge.com\\\/wp-content\\\/uploads\\\/Kungligheter-och-ExpandE-Foto-Georg-Andren.png\",\"datePublished\":\"2026-03-06T13:08:01+00:00\",\"dateModified\":\"2026-03-06T13:15:50+00:00\",\"breadcrumb\":{\"@id\":\"https:\\\/\\\/www.interreg-sverige-norge.com\\\/no\\\/expande-slik-ble-grensen-en-mulighet-for-unge-i-eda-og-eidskog\\\/#breadcrumb\"},\"inLanguage\":\"nb-NO\",\"potentialAction\":[{\"@type\":\"ReadAction\",\"target\":[\"https:\\\/\\\/www.interreg-sverige-norge.com\\\/no\\\/expande-slik-ble-grensen-en-mulighet-for-unge-i-eda-og-eidskog\\\/\"]}]},{\"@type\":\"ImageObject\",\"inLanguage\":\"nb-NO\",\"@id\":\"https:\\\/\\\/www.interreg-sverige-norge.com\\\/no\\\/expande-slik-ble-grensen-en-mulighet-for-unge-i-eda-og-eidskog\\\/#primaryimage\",\"url\":\"https:\\\/\\\/www.interreg-sverige-norge.com\\\/wp-content\\\/uploads\\\/Kungligheter-och-ExpandE-Foto-Georg-Andren.png\",\"contentUrl\":\"https:\\\/\\\/www.interreg-sverige-norge.com\\\/wp-content\\\/uploads\\\/Kungligheter-och-ExpandE-Foto-Georg-Andren.png\",\"width\":2048,\"height\":1638,\"caption\":\"Prosjektet ble ogs\u00e5 presentert for kronprins Haakon og kronprinsesse Victoria. Foto: Georg Andr\u00e9n\"},{\"@type\":\"BreadcrumbList\",\"@id\":\"https:\\\/\\\/www.interreg-sverige-norge.com\\\/no\\\/expande-slik-ble-grensen-en-mulighet-for-unge-i-eda-og-eidskog\\\/#breadcrumb\",\"itemListElement\":[{\"@type\":\"ListItem\",\"position\":1,\"name\":\"Start\",\"item\":\"https:\\\/\\\/www.interreg-sverige-norge.com\\\/no\\\/\"},{\"@type\":\"ListItem\",\"position\":2,\"name\":\"Artikler\",\"item\":\"https:\\\/\\\/www.interreg-sverige-norge.com\\\/no\\\/category\\\/artikler\\\/\"},{\"@type\":\"ListItem\",\"position\":3,\"name\":\"ExpandE: Slik ble grensen en mulighet for unge i Eda og Eidskog\"}]},{\"@type\":\"WebSite\",\"@id\":\"https:\\\/\\\/www.interreg-sverige-norge.com\\\/no\\\/#website\",\"url\":\"https:\\\/\\\/www.interreg-sverige-norge.com\\\/no\\\/\",\"name\":\"Interreg Sverige-Norge\",\"description\":\"\",\"publisher\":{\"@id\":\"https:\\\/\\\/www.interreg-sverige-norge.com\\\/no\\\/#organization\"},\"potentialAction\":[{\"@type\":\"SearchAction\",\"target\":{\"@type\":\"EntryPoint\",\"urlTemplate\":\"https:\\\/\\\/www.interreg-sverige-norge.com\\\/no\\\/?s={search_term_string}\"},\"query-input\":{\"@type\":\"PropertyValueSpecification\",\"valueRequired\":true,\"valueName\":\"search_term_string\"}}],\"inLanguage\":\"nb-NO\"},{\"@type\":\"Organization\",\"@id\":\"https:\\\/\\\/www.interreg-sverige-norge.com\\\/no\\\/#organization\",\"name\":\"Interreg Sverige\u2013Norge\",\"url\":\"https:\\\/\\\/www.interreg-sverige-norge.com\\\/no\\\/\",\"logo\":{\"@type\":\"ImageObject\",\"inLanguage\":\"nb-NO\",\"@id\":\"https:\\\/\\\/www.interreg-sverige-norge.com\\\/no\\\/#\\\/schema\\\/logo\\\/image\\\/\",\"url\":\"https:\\\/\\\/www.interreg-sverige-norge.com\\\/wp-content\\\/uploads\\\/Interreg-logo.svg\",\"contentUrl\":\"https:\\\/\\\/www.interreg-sverige-norge.com\\\/wp-content\\\/uploads\\\/Interreg-logo.svg\",\"width\":409,\"height\":91,\"caption\":\"Interreg Sverige\u2013Norge\"},\"image\":{\"@id\":\"https:\\\/\\\/www.interreg-sverige-norge.com\\\/no\\\/#\\\/schema\\\/logo\\\/image\\\/\"},\"sameAs\":[\"https:\\\/\\\/www.facebook.com\\\/Interreg-Sverige-Norge-543432269147183\\\/\",\"https:\\\/\\\/www.youtube.com\\\/channel\\\/UCkwTnZPG8RAJVCppT3vT1Eg\"]},{\"@type\":\"Person\",\"@id\":\"https:\\\/\\\/www.interreg-sverige-norge.com\\\/no\\\/#\\\/schema\\\/person\\\/7d330759cf4ffb221df5697087f1f836\",\"name\":\"Marie Bohman L\u00e5te\",\"image\":{\"@type\":\"ImageObject\",\"inLanguage\":\"nb-NO\",\"@id\":\"https:\\\/\\\/secure.gravatar.com\\\/avatar\\\/5865f9e965d2628d6c3f81802c209f79471b2ab591b4001ad61f33cfa8ddb41c?s=96&d=mm&r=g\",\"url\":\"https:\\\/\\\/secure.gravatar.com\\\/avatar\\\/5865f9e965d2628d6c3f81802c209f79471b2ab591b4001ad61f33cfa8ddb41c?s=96&d=mm&r=g\",\"contentUrl\":\"https:\\\/\\\/secure.gravatar.com\\\/avatar\\\/5865f9e965d2628d6c3f81802c209f79471b2ab591b4001ad61f33cfa8ddb41c?s=96&d=mm&r=g\",\"caption\":\"Marie Bohman L\u00e5te\"},\"sameAs\":[\"https:\\\/\\\/www.interreg-sverige-norge.com\\\/\"]}]}<\/script>\n<!-- \/ Yoast SEO plugin. -->","yoast_head_json":{"title":"ExpandE: Slik ble grensen en mulighet for unge i Eda og Eidskog - Interreg Sverige-Norge","robots":{"index":"index","follow":"follow","max-snippet":"max-snippet:-1","max-image-preview":"max-image-preview:large","max-video-preview":"max-video-preview:-1"},"canonical":"https:\/\/www.interreg-sverige-norge.com\/no\/expande-slik-ble-grensen-en-mulighet-for-unge-i-eda-og-eidskog\/","og_locale":"nb_NO","og_type":"article","og_title":"ExpandE: Slik ble grensen en mulighet for unge i Eda og Eidskog - Interreg Sverige-Norge","og_description":"Hva skjer n\u00e5r unge f\u00e5r verkt\u00f8yene de trenger for \u00e5 jobbe, skape og samarbeide p\u00e5 tvers av en landegrense? I grenseregionen mellom Eda og Eidskog har Interreg Sverige-Norge prosjektet ExpandE vist at et felles arbeidsmarked er mulig. Resultatet er \u00f8kt ansettbarhet, nye m\u00f8teplasser mellom unge og arbeidsgivere \u2013 og politisk bevegelse for \u00e5 fjerne et [&hellip;]","og_url":"https:\/\/www.interreg-sverige-norge.com\/no\/expande-slik-ble-grensen-en-mulighet-for-unge-i-eda-og-eidskog\/","og_site_name":"Interreg Sverige-Norge","article_publisher":"https:\/\/www.facebook.com\/Interreg-Sverige-Norge-543432269147183\/","article_published_time":"2026-03-06T13:08:01+00:00","article_modified_time":"2026-03-06T13:15:50+00:00","og_image":[{"width":1024,"height":819,"url":"https:\/\/www.interreg-sverige-norge.com\/wp-content\/uploads\/Kungligheter-och-ExpandE-Foto-Georg-Andren-1024x819.png","type":"image\/png"}],"author":"Marie Bohman L\u00e5te","twitter_card":"summary_large_image","twitter_misc":{"Skrevet av":"Marie Bohman L\u00e5te","Ansl. lesetid":"4 minutter"},"schema":{"@context":"https:\/\/schema.org","@graph":[{"@type":"Article","@id":"https:\/\/www.interreg-sverige-norge.com\/no\/expande-slik-ble-grensen-en-mulighet-for-unge-i-eda-og-eidskog\/#article","isPartOf":{"@id":"https:\/\/www.interreg-sverige-norge.com\/no\/expande-slik-ble-grensen-en-mulighet-for-unge-i-eda-og-eidskog\/"},"author":{"name":"Marie Bohman L\u00e5te","@id":"https:\/\/www.interreg-sverige-norge.com\/no\/#\/schema\/person\/7d330759cf4ffb221df5697087f1f836"},"headline":"ExpandE: Slik ble grensen en mulighet for unge i Eda og Eidskog","datePublished":"2026-03-06T13:08:01+00:00","dateModified":"2026-03-06T13:15:50+00:00","mainEntityOfPage":{"@id":"https:\/\/www.interreg-sverige-norge.com\/no\/expande-slik-ble-grensen-en-mulighet-for-unge-i-eda-og-eidskog\/"},"wordCount":776,"publisher":{"@id":"https:\/\/www.interreg-sverige-norge.com\/no\/#organization"},"image":{"@id":"https:\/\/www.interreg-sverige-norge.com\/no\/expande-slik-ble-grensen-en-mulighet-for-unge-i-eda-og-eidskog\/#primaryimage"},"thumbnailUrl":"https:\/\/www.interreg-sverige-norge.com\/wp-content\/uploads\/Kungligheter-och-ExpandE-Foto-Georg-Andren.png","articleSection":["Artiklar"],"inLanguage":"nb-NO"},{"@type":"WebPage","@id":"https:\/\/www.interreg-sverige-norge.com\/no\/expande-slik-ble-grensen-en-mulighet-for-unge-i-eda-og-eidskog\/","url":"https:\/\/www.interreg-sverige-norge.com\/no\/expande-slik-ble-grensen-en-mulighet-for-unge-i-eda-og-eidskog\/","name":"ExpandE: Slik ble grensen en mulighet for unge i Eda og Eidskog - Interreg Sverige-Norge","isPartOf":{"@id":"https:\/\/www.interreg-sverige-norge.com\/no\/#website"},"primaryImageOfPage":{"@id":"https:\/\/www.interreg-sverige-norge.com\/no\/expande-slik-ble-grensen-en-mulighet-for-unge-i-eda-og-eidskog\/#primaryimage"},"image":{"@id":"https:\/\/www.interreg-sverige-norge.com\/no\/expande-slik-ble-grensen-en-mulighet-for-unge-i-eda-og-eidskog\/#primaryimage"},"thumbnailUrl":"https:\/\/www.interreg-sverige-norge.com\/wp-content\/uploads\/Kungligheter-och-ExpandE-Foto-Georg-Andren.png","datePublished":"2026-03-06T13:08:01+00:00","dateModified":"2026-03-06T13:15:50+00:00","breadcrumb":{"@id":"https:\/\/www.interreg-sverige-norge.com\/no\/expande-slik-ble-grensen-en-mulighet-for-unge-i-eda-og-eidskog\/#breadcrumb"},"inLanguage":"nb-NO","potentialAction":[{"@type":"ReadAction","target":["https:\/\/www.interreg-sverige-norge.com\/no\/expande-slik-ble-grensen-en-mulighet-for-unge-i-eda-og-eidskog\/"]}]},{"@type":"ImageObject","inLanguage":"nb-NO","@id":"https:\/\/www.interreg-sverige-norge.com\/no\/expande-slik-ble-grensen-en-mulighet-for-unge-i-eda-og-eidskog\/#primaryimage","url":"https:\/\/www.interreg-sverige-norge.com\/wp-content\/uploads\/Kungligheter-och-ExpandE-Foto-Georg-Andren.png","contentUrl":"https:\/\/www.interreg-sverige-norge.com\/wp-content\/uploads\/Kungligheter-och-ExpandE-Foto-Georg-Andren.png","width":2048,"height":1638,"caption":"Prosjektet ble ogs\u00e5 presentert for kronprins Haakon og kronprinsesse Victoria. Foto: Georg Andr\u00e9n"},{"@type":"BreadcrumbList","@id":"https:\/\/www.interreg-sverige-norge.com\/no\/expande-slik-ble-grensen-en-mulighet-for-unge-i-eda-og-eidskog\/#breadcrumb","itemListElement":[{"@type":"ListItem","position":1,"name":"Start","item":"https:\/\/www.interreg-sverige-norge.com\/no\/"},{"@type":"ListItem","position":2,"name":"Artikler","item":"https:\/\/www.interreg-sverige-norge.com\/no\/category\/artikler\/"},{"@type":"ListItem","position":3,"name":"ExpandE: Slik ble grensen en mulighet for unge i Eda og Eidskog"}]},{"@type":"WebSite","@id":"https:\/\/www.interreg-sverige-norge.com\/no\/#website","url":"https:\/\/www.interreg-sverige-norge.com\/no\/","name":"Interreg Sverige-Norge","description":"","publisher":{"@id":"https:\/\/www.interreg-sverige-norge.com\/no\/#organization"},"potentialAction":[{"@type":"SearchAction","target":{"@type":"EntryPoint","urlTemplate":"https:\/\/www.interreg-sverige-norge.com\/no\/?s={search_term_string}"},"query-input":{"@type":"PropertyValueSpecification","valueRequired":true,"valueName":"search_term_string"}}],"inLanguage":"nb-NO"},{"@type":"Organization","@id":"https:\/\/www.interreg-sverige-norge.com\/no\/#organization","name":"Interreg Sverige\u2013Norge","url":"https:\/\/www.interreg-sverige-norge.com\/no\/","logo":{"@type":"ImageObject","inLanguage":"nb-NO","@id":"https:\/\/www.interreg-sverige-norge.com\/no\/#\/schema\/logo\/image\/","url":"https:\/\/www.interreg-sverige-norge.com\/wp-content\/uploads\/Interreg-logo.svg","contentUrl":"https:\/\/www.interreg-sverige-norge.com\/wp-content\/uploads\/Interreg-logo.svg","width":409,"height":91,"caption":"Interreg Sverige\u2013Norge"},"image":{"@id":"https:\/\/www.interreg-sverige-norge.com\/no\/#\/schema\/logo\/image\/"},"sameAs":["https:\/\/www.facebook.com\/Interreg-Sverige-Norge-543432269147183\/","https:\/\/www.youtube.com\/channel\/UCkwTnZPG8RAJVCppT3vT1Eg"]},{"@type":"Person","@id":"https:\/\/www.interreg-sverige-norge.com\/no\/#\/schema\/person\/7d330759cf4ffb221df5697087f1f836","name":"Marie Bohman L\u00e5te","image":{"@type":"ImageObject","inLanguage":"nb-NO","@id":"https:\/\/secure.gravatar.com\/avatar\/5865f9e965d2628d6c3f81802c209f79471b2ab591b4001ad61f33cfa8ddb41c?s=96&d=mm&r=g","url":"https:\/\/secure.gravatar.com\/avatar\/5865f9e965d2628d6c3f81802c209f79471b2ab591b4001ad61f33cfa8ddb41c?s=96&d=mm&r=g","contentUrl":"https:\/\/secure.gravatar.com\/avatar\/5865f9e965d2628d6c3f81802c209f79471b2ab591b4001ad61f33cfa8ddb41c?s=96&d=mm&r=g","caption":"Marie Bohman L\u00e5te"},"sameAs":["https:\/\/www.interreg-sverige-norge.com\/"]}]}},"_links":{"self":[{"href":"https:\/\/www.interreg-sverige-norge.com\/no\/wp-json\/wp\/v2\/posts\/16417","targetHints":{"allow":["GET"]}}],"collection":[{"href":"https:\/\/www.interreg-sverige-norge.com\/no\/wp-json\/wp\/v2\/posts"}],"about":[{"href":"https:\/\/www.interreg-sverige-norge.com\/no\/wp-json\/wp\/v2\/types\/post"}],"author":[{"embeddable":true,"href":"https:\/\/www.interreg-sverige-norge.com\/no\/wp-json\/wp\/v2\/users\/21"}],"replies":[{"embeddable":true,"href":"https:\/\/www.interreg-sverige-norge.com\/no\/wp-json\/wp\/v2\/comments?post=16417"}],"version-history":[{"count":4,"href":"https:\/\/www.interreg-sverige-norge.com\/no\/wp-json\/wp\/v2\/posts\/16417\/revisions"}],"predecessor-version":[{"id":16439,"href":"https:\/\/www.interreg-sverige-norge.com\/no\/wp-json\/wp\/v2\/posts\/16417\/revisions\/16439"}],"wp:featuredmedia":[{"embeddable":true,"href":"https:\/\/www.interreg-sverige-norge.com\/no\/wp-json\/wp\/v2\/media\/16420"}],"wp:attachment":[{"href":"https:\/\/www.interreg-sverige-norge.com\/no\/wp-json\/wp\/v2\/media?parent=16417"}],"wp:term":[{"taxonomy":"category","embeddable":true,"href":"https:\/\/www.interreg-sverige-norge.com\/no\/wp-json\/wp\/v2\/categories?post=16417"},{"taxonomy":"post_tag","embeddable":true,"href":"https:\/\/www.interreg-sverige-norge.com\/no\/wp-json\/wp\/v2\/tags?post=16417"}],"curies":[{"name":"wp","href":"https:\/\/api.w.org\/{rel}","templated":true}]}}