{"id":16095,"date":"2026-01-05T14:23:32","date_gmt":"2026-01-05T13:23:32","guid":{"rendered":"https:\/\/www.interreg-sverige-norge.com\/?p=16095"},"modified":"2026-01-06T09:22:12","modified_gmt":"2026-01-06T08:22:12","slug":"kan-en-drittpakke-oke-matproduksjonen-sirkulaere-synergier-mellom-land-og-vann","status":"publish","type":"post","link":"https:\/\/www.interreg-sverige-norge.com\/no\/kan-en-drittpakke-oke-matproduksjonen-sirkulaere-synergier-mellom-land-og-vann\/","title":{"rendered":"Kan en drittpakke \u00f8ke matproduksjonen? \u2013 Sirkul\u00e6re synergier mellom land og vann"},"content":{"rendered":"\n<p><strong><strong><strong><strong><strong><strong>Norsk fiskeslam kan gi mer b\u00e6rekraftig matproduksjon b\u00e5de p\u00e5 sj\u00f8 og land. I prosjektet Sirkul\u00e6re synergier mellom land og vann unders\u00f8ker norske og svenske partnere hvordan store mengder n\u00e6ringsrike reststr\u00f8mmer kan brukes i nye verdikjeder som styrker selvforsyningen i Nordens Gr\u00f8nne Belte.<\/strong><\/strong><\/strong><\/strong><\/strong><\/strong><\/p>\n\n\n\n<p><em>Artikkelen er skrevet av Torkil Marsdal Hanssen \u2013 PKOM AS<\/em>.<\/p>\n\n\n\n<p>Norsk havbruksn\u00e6ring produserer nok slam til \u00e5 erstatte energikrevende kunstgj\u00f8dsel i landbruks- og skogn\u00e6ringene i Nordens Gr\u00f8nne Belte.<\/p>\n\n\n\n<div class=\"wp-block-columns is-layout-flex wp-container-core-columns-is-layout-28f84493 wp-block-columns-is-layout-flex\">\n<div class=\"wp-block-column is-vertically-aligned-stretch is-layout-flow wp-block-column-is-layout-flow\">\n<figure class=\"wp-block-image size-large\"><img fetchpriority=\"high\" decoding=\"async\" width=\"819\" height=\"1024\" src=\"https:\/\/www.interreg-sverige-norge.com\/wp-content\/uploads\/63A6112-Edit-1229x1536-1-1000x1250-1-819x1024.jpg\" alt=\"\" class=\"wp-image-16099\" srcset=\"https:\/\/www.interreg-sverige-norge.com\/wp-content\/uploads\/63A6112-Edit-1229x1536-1-1000x1250-1-819x1024.jpg 819w, https:\/\/www.interreg-sverige-norge.com\/wp-content\/uploads\/63A6112-Edit-1229x1536-1-1000x1250-1-240x300.jpg 240w, https:\/\/www.interreg-sverige-norge.com\/wp-content\/uploads\/63A6112-Edit-1229x1536-1-1000x1250-1-768x960.jpg 768w, https:\/\/www.interreg-sverige-norge.com\/wp-content\/uploads\/63A6112-Edit-1229x1536-1-1000x1250-1.jpg 1000w\" sizes=\"(max-width: 819px) 100vw, 819px\" \/><figcaption class=\"wp-element-caption\">Foto: LYKT<\/figcaption><\/figure>\n<\/div>\n\n\n\n<div class=\"wp-block-column is-vertically-aligned-center is-layout-flow wp-block-column-is-layout-flow\">\n<p>\u00ab<strong style=\"font-style: italic; font-weight: bold;\">Kan vi etablere grenseoverskridende verdikjeder som ivaretar hensyn som mattrygghet og smittevern, kan vi redusere klimafotavtrykket og \u00f8ke matproduksjonen i hele regionen\u00bb, sier Halvor Mortensen i\u00a0Val FoU\u00a0og norsk prosjektleder for Sirkul\u00e6re synergier.<\/strong><\/p>\n<\/div>\n<\/div>\n\n\n\n<h2 class=\"wp-block-heading\"><strong>Ressurser p\u00e5 avveie?<\/strong><\/h2>\n\n\n\n<p>Mortensen leder den norske delen av Interreg-prosjektet&nbsp;<em>Cirkul\u00e4ra synergier mellan land \u2013 och vatten.<\/em>&nbsp;Prosjekteier Namdal regionr\u00e5d og et bredt partnerskap jobber for \u00f8kt selvforsyning gjennom bedre utnyttelse av regionens bio- og energiressurser, blant annet fra havbruksn\u00e6ringen. Fiskeslam er rikt p\u00e5 energi, mineraler og n\u00e6ringsstoffer som nitrogen og fosfor. Forskere har beregnet at norske oppdrettsanlegg slipper 14.000 tonn fosfor i havet hvert \u00e5r. Samtidig m\u00e5 norsk jordbruk tilf\u00f8res rundt 21.000 tonn.<\/p>\n\n\n\n<p>\u00abDen nye Havbruksmeldingen har aktualisert oppsamling av slam fra lakseoppdrett. Mengden er imidlertid s\u00e5 stor at det kreves nye, industrielle verdikjeder for \u00e5 h\u00e5ndtere det. Dette finnes ikke i dag\u00bb, sier Mortensen.<\/p>\n\n\n\n<h2 class=\"wp-block-heading\"><strong><strong>Kobler store bioindustrier<\/strong><\/strong><\/h2>\n\n\n\n<p>I Tr\u00f8ndelag tilrettelegger N\u00e6r\u00f8ysund kommune for at Kr\u00e5k\u00f8ya biopark og energihub skal bli en av verdens gr\u00f8nneste industriparker. Sentralt st\u00e5r storskala landbasert oppdrett i industriell symbiose med ny slamindustri. Nylig inviterte Interreg-prosjektet tr\u00f8nderske industriakt\u00f8rer med til svenske Soten\u00e4s kommune, som allerede skaper symbiotiske resultater p\u00e5 reststr\u00f8mmer fra sj\u00f8matindustrien i Kungshamn.<\/p>\n\n\n\n<p>\u00ab<em>Sammen med v\u00e5re industrietablerere har vi satt fart p\u00e5 teknologidesign og forretningsutvikling. Her fra Kungshamn tar jeg med meg de mulighetene som ligger i avfallsh\u00e5ndteringen, og som renovasjonsselskapet Rena Hav p\u00e5 forbilledlig vis demonstrerer\u00bb, sier Lars Fr. M\u00f8rch, daglig leder i Kr\u00e5k\u00f8ya Eiendom, selskapet som tilrettelegger for industrielle symbioser p\u00e5 1000 m\u00e5l store industriomr\u00e5det.<\/em><\/p>\n\n\n\n<figure class=\"wp-block-image size-full\"><img decoding=\"async\" width=\"1000\" height=\"563\" src=\"https:\/\/www.interreg-sverige-norge.com\/wp-content\/uploads\/LarsFr_Vegar_BjornOla-1000x563-1.jpg\" alt=\"\" class=\"wp-image-16100\" srcset=\"https:\/\/www.interreg-sverige-norge.com\/wp-content\/uploads\/LarsFr_Vegar_BjornOla-1000x563-1.jpg 1000w, https:\/\/www.interreg-sverige-norge.com\/wp-content\/uploads\/LarsFr_Vegar_BjornOla-1000x563-1-300x169.jpg 300w, https:\/\/www.interreg-sverige-norge.com\/wp-content\/uploads\/LarsFr_Vegar_BjornOla-1000x563-1-768x432.jpg 768w\" sizes=\"(max-width: 1000px) 100vw, 1000px\" \/><figcaption class=\"wp-element-caption\">I oktober igangsatte Vegar Livik (foran) og Eco Seafood grunnarbeidene for et nytt landbasert oppdrettsanlegg i Kr\u00e5k\u00f8ya biopark og energihub nord i Tr\u00f8ndelag. Sammen med svenske interregpartnere tilrettelegger industriparkleder Lars Fr. M\u00f8rch (til venstre) og Bj\u00f8rn Ola Holm i Aquaressurs for at slam fra oppdrett skal gir mer b\u00e6rekraftig matproduksjon i Nordens Gr\u00f8nne Belte. Foto: Torkil Marsdal Hanssen<\/figcaption><\/figure>\n\n\n\n<h2 class=\"wp-block-heading\"><strong><strong>Ser at det g\u00e5r an<\/strong><\/strong><\/h2>\n\n\n\n<p>I Kr\u00e5k\u00f8ya biopark blir selskapet Aquaressurs parallellen til svenske Rena Hav. Daglig leder Bj\u00f8rn Ola Holm utvikler storskala oppsamling og bruk av slam fra norsk laksen\u00e6ring.<\/p>\n\n\n\n<p>\u00ab<em>Vi har f\u00e5tt innsikt i tekniske l\u00f8sninger og driftserfaringer p\u00e5 noe vi \u00f8nsker \u00e5 gj\u00f8re i langt st\u00f8rre skala, og et godt eksempel p\u00e5 hvordan bioavfall fra sj\u00f8matindustrien kan anvendes b\u00e5de i landbruket og til ny energiproduksjon\u00bb, konkluderer Holm.<\/em><\/p>\n\n\n\n<h2 class=\"wp-block-heading\"><strong>Enormt ressursgrunnlag<\/strong><\/h2>\n\n\n\n<p>Som ledd i utviklingen av grenseoverskridende verdikjeder, skal Interreg-prosjektet avklare regelverket i Norge, Sverige og EU knyttet til bruk av fiskeslam og blodvann. Val skoler og Torsta naturbruksgymnasium skal teste ut om biokull laget av salt fiskeslam egner seg til jordbruksform\u00e5l i Tr\u00f8ndelag og J\u00e4mtland.<\/p>\n\n\n\n<p>Prosjektet fortsetter ogs\u00e5 kunnskaps- og erfaringsutveksling mellom norske og svenske bioindustriakt\u00f8rer. De \u00f8nsker \u00e5 identifisere og konkretisere flere sirkul\u00e6re samarbeidsmuligheter rundt de enorme reststr\u00f8mmene fra hav-, skog- og landbruksn\u00e6ringene i Nordens Gr\u00f8nne Belte.<\/p>\n\n\n\n<figure class=\"wp-block-image size-full\"><img decoding=\"async\" width=\"1000\" height=\"917\" src=\"https:\/\/www.interreg-sverige-norge.com\/wp-content\/uploads\/thumbnail_Klevs-gard-cropped-1000x917-1.jpg\" alt=\"\" class=\"wp-image-16101\" srcset=\"https:\/\/www.interreg-sverige-norge.com\/wp-content\/uploads\/thumbnail_Klevs-gard-cropped-1000x917-1.jpg 1000w, https:\/\/www.interreg-sverige-norge.com\/wp-content\/uploads\/thumbnail_Klevs-gard-cropped-1000x917-1-300x275.jpg 300w, https:\/\/www.interreg-sverige-norge.com\/wp-content\/uploads\/thumbnail_Klevs-gard-cropped-1000x917-1-768x704.jpg 768w\" sizes=\"(max-width: 1000px) 100vw, 1000px\" \/><figcaption class=\"wp-element-caption\">Den norske delegasjonen tok med seg erfaringene fra Klevs g\u00e5rd i Soten\u00e4s, som produserer biogass og biokull fra restvirke fra skog- og landbruksproduksjon. Foto: Yvonne Nordin<\/figcaption><\/figure>\n\n\n\n<figure class=\"wp-block-image size-full\"><img loading=\"lazy\" decoding=\"async\" width=\"1000\" height=\"748\" src=\"https:\/\/www.interreg-sverige-norge.com\/wp-content\/uploads\/Informasjon-hos-Rena-hav-1000x748-1.jpg\" alt=\"\" class=\"wp-image-16102\" srcset=\"https:\/\/www.interreg-sverige-norge.com\/wp-content\/uploads\/Informasjon-hos-Rena-hav-1000x748-1.jpg 1000w, https:\/\/www.interreg-sverige-norge.com\/wp-content\/uploads\/Informasjon-hos-Rena-hav-1000x748-1-300x224.jpg 300w, https:\/\/www.interreg-sverige-norge.com\/wp-content\/uploads\/Informasjon-hos-Rena-hav-1000x748-1-768x574.jpg 768w\" sizes=\"(max-width: 1000px) 100vw, 1000px\" \/><\/figure>\n\n\n\n<p>\u00ab<em>Vi har f\u00e5tt innsikt i tekniske l\u00f8sninger og driftserfaringer p\u00e5 noe vi \u00f8nsker \u00e5 gj\u00f8re i langt st\u00f8rre skala\u00bb, sier daglig leder Bj\u00f8rn Ola Holm i Aquaressurs.<\/em><\/p>\n\n\n\n<p><strong>Du kan lese mer om prosjektet i v\u00e5r <a href=\"https:\/\/www.interreg-sverige-norge.com\/no\/projekt\/sirkulaere-synergier-mellom-land-og-hav\/\">prosjektbank<\/a><\/strong><\/p>\n\n\n\n<p><i>Denna artikel publicerades f\u00f6rst p\u00e5 <\/i><a style=\"font-style: italic;\" href=\"https:\/\/interreg.no\/\" data-type=\"link\" data-id=\"https:\/\/interreg.no\/\">interreg.no.<\/a><\/p>\n\n\n\n<p><\/p>\n\n\n\n<p><\/p>\n","protected":false},"excerpt":{"rendered":"<p>Norsk fiskeslam kan gi mer b\u00e6rekraftig matproduksjon b\u00e5de p\u00e5 sj\u00f8 og land. I prosjektet Sirkul\u00e6re synergier mellom land og vann unders\u00f8ker norske og svenske partnere hvordan store mengder n\u00e6ringsrike reststr\u00f8mmer kan brukes i nye verdikjeder som styrker selvforsyningen i Nordens Gr\u00f8nne Belte. Artikkelen er skrevet av Torkil Marsdal Hanssen \u2013 PKOM AS. Norsk havbruksn\u00e6ring produserer [&hellip;]<\/p>\n","protected":false},"author":21,"featured_media":16098,"comment_status":"closed","ping_status":"closed","sticky":false,"template":"","format":"standard","meta":{"_jf_schedule_form":"","_jf_limit_responses":"","footnotes":""},"categories":[24],"tags":[],"class_list":["post-16095","post","type-post","status-publish","format-standard","has-post-thumbnail","hentry","category-aktuellt"],"yoast_head":"<!-- This site is optimized with the Yoast SEO plugin v27.4 - https:\/\/yoast.com\/product\/yoast-seo-wordpress\/ -->\n<title>Kan en drittpakke \u00f8ke matproduksjonen? \u2013 Sirkul\u00e6re synergier mellom land og vann - Interreg Sverige-Norge<\/title>\n<meta name=\"robots\" content=\"index, follow, max-snippet:-1, max-image-preview:large, max-video-preview:-1\" \/>\n<link rel=\"canonical\" href=\"https:\/\/www.interreg-sverige-norge.com\/no\/kan-en-drittpakke-oke-matproduksjonen-sirkulaere-synergier-mellom-land-og-vann\/\" \/>\n<meta property=\"og:locale\" content=\"nb_NO\" \/>\n<meta property=\"og:type\" content=\"article\" \/>\n<meta property=\"og:title\" content=\"Kan en drittpakke \u00f8ke matproduksjonen? \u2013 Sirkul\u00e6re synergier mellom land og vann - Interreg Sverige-Norge\" \/>\n<meta property=\"og:description\" content=\"Norsk fiskeslam kan gi mer b\u00e6rekraftig matproduksjon b\u00e5de p\u00e5 sj\u00f8 og land. I prosjektet Sirkul\u00e6re synergier mellom land og vann unders\u00f8ker norske og svenske partnere hvordan store mengder n\u00e6ringsrike reststr\u00f8mmer kan brukes i nye verdikjeder som styrker selvforsyningen i Nordens Gr\u00f8nne Belte. Artikkelen er skrevet av Torkil Marsdal Hanssen \u2013 PKOM AS. Norsk havbruksn\u00e6ring produserer [&hellip;]\" \/>\n<meta property=\"og:url\" content=\"https:\/\/www.interreg-sverige-norge.com\/no\/kan-en-drittpakke-oke-matproduksjonen-sirkulaere-synergier-mellom-land-og-vann\/\" \/>\n<meta property=\"og:site_name\" content=\"Interreg Sverige-Norge\" \/>\n<meta property=\"article:publisher\" content=\"https:\/\/www.facebook.com\/Interreg-Sverige-Norge-543432269147183\/\" \/>\n<meta property=\"article:published_time\" content=\"2026-01-05T13:23:32+00:00\" \/>\n<meta property=\"article:modified_time\" content=\"2026-01-06T08:22:12+00:00\" \/>\n<meta property=\"og:image\" content=\"https:\/\/www.interreg-sverige-norge.com\/wp-content\/uploads\/Forsoksfelt-Cirkulara-synergier-foto-Halvor-Mortensen.jpg\" \/>\n\t<meta property=\"og:image:width\" content=\"2320\" \/>\n\t<meta property=\"og:image:height\" content=\"1736\" \/>\n\t<meta property=\"og:image:type\" content=\"image\/jpeg\" \/>\n<meta name=\"author\" content=\"Marie Bohman L\u00e5te\" \/>\n<meta name=\"twitter:card\" content=\"summary_large_image\" \/>\n<meta name=\"twitter:label1\" content=\"Skrevet av\" \/>\n\t<meta name=\"twitter:data1\" content=\"Marie Bohman L\u00e5te\" \/>\n\t<meta name=\"twitter:label2\" content=\"Ansl. lesetid\" \/>\n\t<meta name=\"twitter:data2\" content=\"3 minutter\" \/>\n<script type=\"application\/ld+json\" class=\"yoast-schema-graph\">{\"@context\":\"https:\\\/\\\/schema.org\",\"@graph\":[{\"@type\":\"Article\",\"@id\":\"https:\\\/\\\/www.interreg-sverige-norge.com\\\/no\\\/kan-en-drittpakke-oke-matproduksjonen-sirkulaere-synergier-mellom-land-og-vann\\\/#article\",\"isPartOf\":{\"@id\":\"https:\\\/\\\/www.interreg-sverige-norge.com\\\/no\\\/kan-en-drittpakke-oke-matproduksjonen-sirkulaere-synergier-mellom-land-og-vann\\\/\"},\"author\":{\"name\":\"Marie Bohman L\u00e5te\",\"@id\":\"https:\\\/\\\/www.interreg-sverige-norge.com\\\/no\\\/#\\\/schema\\\/person\\\/7d330759cf4ffb221df5697087f1f836\"},\"headline\":\"Kan en drittpakke \u00f8ke matproduksjonen? \u2013 Sirkul\u00e6re synergier mellom land og vann\",\"datePublished\":\"2026-01-05T13:23:32+00:00\",\"dateModified\":\"2026-01-06T08:22:12+00:00\",\"mainEntityOfPage\":{\"@id\":\"https:\\\/\\\/www.interreg-sverige-norge.com\\\/no\\\/kan-en-drittpakke-oke-matproduksjonen-sirkulaere-synergier-mellom-land-og-vann\\\/\"},\"wordCount\":672,\"publisher\":{\"@id\":\"https:\\\/\\\/www.interreg-sverige-norge.com\\\/no\\\/#organization\"},\"image\":{\"@id\":\"https:\\\/\\\/www.interreg-sverige-norge.com\\\/no\\\/kan-en-drittpakke-oke-matproduksjonen-sirkulaere-synergier-mellom-land-og-vann\\\/#primaryimage\"},\"thumbnailUrl\":\"https:\\\/\\\/www.interreg-sverige-norge.com\\\/wp-content\\\/uploads\\\/Forsoksfelt-Cirkulara-synergier-foto-Halvor-Mortensen.jpg\",\"articleSection\":[\"Artiklar\"],\"inLanguage\":\"nb-NO\"},{\"@type\":\"WebPage\",\"@id\":\"https:\\\/\\\/www.interreg-sverige-norge.com\\\/no\\\/kan-en-drittpakke-oke-matproduksjonen-sirkulaere-synergier-mellom-land-og-vann\\\/\",\"url\":\"https:\\\/\\\/www.interreg-sverige-norge.com\\\/no\\\/kan-en-drittpakke-oke-matproduksjonen-sirkulaere-synergier-mellom-land-og-vann\\\/\",\"name\":\"Kan en drittpakke \u00f8ke matproduksjonen? \u2013 Sirkul\u00e6re synergier mellom land og vann - Interreg Sverige-Norge\",\"isPartOf\":{\"@id\":\"https:\\\/\\\/www.interreg-sverige-norge.com\\\/no\\\/#website\"},\"primaryImageOfPage\":{\"@id\":\"https:\\\/\\\/www.interreg-sverige-norge.com\\\/no\\\/kan-en-drittpakke-oke-matproduksjonen-sirkulaere-synergier-mellom-land-og-vann\\\/#primaryimage\"},\"image\":{\"@id\":\"https:\\\/\\\/www.interreg-sverige-norge.com\\\/no\\\/kan-en-drittpakke-oke-matproduksjonen-sirkulaere-synergier-mellom-land-og-vann\\\/#primaryimage\"},\"thumbnailUrl\":\"https:\\\/\\\/www.interreg-sverige-norge.com\\\/wp-content\\\/uploads\\\/Forsoksfelt-Cirkulara-synergier-foto-Halvor-Mortensen.jpg\",\"datePublished\":\"2026-01-05T13:23:32+00:00\",\"dateModified\":\"2026-01-06T08:22:12+00:00\",\"breadcrumb\":{\"@id\":\"https:\\\/\\\/www.interreg-sverige-norge.com\\\/no\\\/kan-en-drittpakke-oke-matproduksjonen-sirkulaere-synergier-mellom-land-og-vann\\\/#breadcrumb\"},\"inLanguage\":\"nb-NO\",\"potentialAction\":[{\"@type\":\"ReadAction\",\"target\":[\"https:\\\/\\\/www.interreg-sverige-norge.com\\\/no\\\/kan-en-drittpakke-oke-matproduksjonen-sirkulaere-synergier-mellom-land-og-vann\\\/\"]}]},{\"@type\":\"ImageObject\",\"inLanguage\":\"nb-NO\",\"@id\":\"https:\\\/\\\/www.interreg-sverige-norge.com\\\/no\\\/kan-en-drittpakke-oke-matproduksjonen-sirkulaere-synergier-mellom-land-og-vann\\\/#primaryimage\",\"url\":\"https:\\\/\\\/www.interreg-sverige-norge.com\\\/wp-content\\\/uploads\\\/Forsoksfelt-Cirkulara-synergier-foto-Halvor-Mortensen.jpg\",\"contentUrl\":\"https:\\\/\\\/www.interreg-sverige-norge.com\\\/wp-content\\\/uploads\\\/Forsoksfelt-Cirkulara-synergier-foto-Halvor-Mortensen.jpg\",\"width\":2320,\"height\":1736},{\"@type\":\"BreadcrumbList\",\"@id\":\"https:\\\/\\\/www.interreg-sverige-norge.com\\\/no\\\/kan-en-drittpakke-oke-matproduksjonen-sirkulaere-synergier-mellom-land-og-vann\\\/#breadcrumb\",\"itemListElement\":[{\"@type\":\"ListItem\",\"position\":1,\"name\":\"Start\",\"item\":\"https:\\\/\\\/www.interreg-sverige-norge.com\\\/no\\\/\"},{\"@type\":\"ListItem\",\"position\":2,\"name\":\"Artikler\",\"item\":\"https:\\\/\\\/www.interreg-sverige-norge.com\\\/no\\\/category\\\/artikler\\\/\"},{\"@type\":\"ListItem\",\"position\":3,\"name\":\"Kan en drittpakke \u00f8ke matproduksjonen? \u2013 Sirkul\u00e6re synergier mellom land og vann\"}]},{\"@type\":\"WebSite\",\"@id\":\"https:\\\/\\\/www.interreg-sverige-norge.com\\\/no\\\/#website\",\"url\":\"https:\\\/\\\/www.interreg-sverige-norge.com\\\/no\\\/\",\"name\":\"Interreg Sverige-Norge\",\"description\":\"\",\"publisher\":{\"@id\":\"https:\\\/\\\/www.interreg-sverige-norge.com\\\/no\\\/#organization\"},\"potentialAction\":[{\"@type\":\"SearchAction\",\"target\":{\"@type\":\"EntryPoint\",\"urlTemplate\":\"https:\\\/\\\/www.interreg-sverige-norge.com\\\/no\\\/?s={search_term_string}\"},\"query-input\":{\"@type\":\"PropertyValueSpecification\",\"valueRequired\":true,\"valueName\":\"search_term_string\"}}],\"inLanguage\":\"nb-NO\"},{\"@type\":\"Organization\",\"@id\":\"https:\\\/\\\/www.interreg-sverige-norge.com\\\/no\\\/#organization\",\"name\":\"Interreg Sverige\u2013Norge\",\"url\":\"https:\\\/\\\/www.interreg-sverige-norge.com\\\/no\\\/\",\"logo\":{\"@type\":\"ImageObject\",\"inLanguage\":\"nb-NO\",\"@id\":\"https:\\\/\\\/www.interreg-sverige-norge.com\\\/no\\\/#\\\/schema\\\/logo\\\/image\\\/\",\"url\":\"https:\\\/\\\/www.interreg-sverige-norge.com\\\/wp-content\\\/uploads\\\/Interreg-logo.svg\",\"contentUrl\":\"https:\\\/\\\/www.interreg-sverige-norge.com\\\/wp-content\\\/uploads\\\/Interreg-logo.svg\",\"width\":409,\"height\":91,\"caption\":\"Interreg Sverige\u2013Norge\"},\"image\":{\"@id\":\"https:\\\/\\\/www.interreg-sverige-norge.com\\\/no\\\/#\\\/schema\\\/logo\\\/image\\\/\"},\"sameAs\":[\"https:\\\/\\\/www.facebook.com\\\/Interreg-Sverige-Norge-543432269147183\\\/\",\"https:\\\/\\\/www.youtube.com\\\/channel\\\/UCkwTnZPG8RAJVCppT3vT1Eg\"]},{\"@type\":\"Person\",\"@id\":\"https:\\\/\\\/www.interreg-sverige-norge.com\\\/no\\\/#\\\/schema\\\/person\\\/7d330759cf4ffb221df5697087f1f836\",\"name\":\"Marie Bohman L\u00e5te\",\"image\":{\"@type\":\"ImageObject\",\"inLanguage\":\"nb-NO\",\"@id\":\"https:\\\/\\\/secure.gravatar.com\\\/avatar\\\/5865f9e965d2628d6c3f81802c209f79471b2ab591b4001ad61f33cfa8ddb41c?s=96&d=mm&r=g\",\"url\":\"https:\\\/\\\/secure.gravatar.com\\\/avatar\\\/5865f9e965d2628d6c3f81802c209f79471b2ab591b4001ad61f33cfa8ddb41c?s=96&d=mm&r=g\",\"contentUrl\":\"https:\\\/\\\/secure.gravatar.com\\\/avatar\\\/5865f9e965d2628d6c3f81802c209f79471b2ab591b4001ad61f33cfa8ddb41c?s=96&d=mm&r=g\",\"caption\":\"Marie Bohman L\u00e5te\"},\"sameAs\":[\"https:\\\/\\\/www.interreg-sverige-norge.com\\\/\"]}]}<\/script>\n<!-- \/ Yoast SEO plugin. -->","yoast_head_json":{"title":"Kan en drittpakke \u00f8ke matproduksjonen? \u2013 Sirkul\u00e6re synergier mellom land og vann - Interreg Sverige-Norge","robots":{"index":"index","follow":"follow","max-snippet":"max-snippet:-1","max-image-preview":"max-image-preview:large","max-video-preview":"max-video-preview:-1"},"canonical":"https:\/\/www.interreg-sverige-norge.com\/no\/kan-en-drittpakke-oke-matproduksjonen-sirkulaere-synergier-mellom-land-og-vann\/","og_locale":"nb_NO","og_type":"article","og_title":"Kan en drittpakke \u00f8ke matproduksjonen? \u2013 Sirkul\u00e6re synergier mellom land og vann - Interreg Sverige-Norge","og_description":"Norsk fiskeslam kan gi mer b\u00e6rekraftig matproduksjon b\u00e5de p\u00e5 sj\u00f8 og land. I prosjektet Sirkul\u00e6re synergier mellom land og vann unders\u00f8ker norske og svenske partnere hvordan store mengder n\u00e6ringsrike reststr\u00f8mmer kan brukes i nye verdikjeder som styrker selvforsyningen i Nordens Gr\u00f8nne Belte. Artikkelen er skrevet av Torkil Marsdal Hanssen \u2013 PKOM AS. Norsk havbruksn\u00e6ring produserer [&hellip;]","og_url":"https:\/\/www.interreg-sverige-norge.com\/no\/kan-en-drittpakke-oke-matproduksjonen-sirkulaere-synergier-mellom-land-og-vann\/","og_site_name":"Interreg Sverige-Norge","article_publisher":"https:\/\/www.facebook.com\/Interreg-Sverige-Norge-543432269147183\/","article_published_time":"2026-01-05T13:23:32+00:00","article_modified_time":"2026-01-06T08:22:12+00:00","og_image":[{"width":2320,"height":1736,"url":"https:\/\/www.interreg-sverige-norge.com\/wp-content\/uploads\/Forsoksfelt-Cirkulara-synergier-foto-Halvor-Mortensen.jpg","type":"image\/jpeg"}],"author":"Marie Bohman L\u00e5te","twitter_card":"summary_large_image","twitter_misc":{"Skrevet av":"Marie Bohman L\u00e5te","Ansl. lesetid":"3 minutter"},"schema":{"@context":"https:\/\/schema.org","@graph":[{"@type":"Article","@id":"https:\/\/www.interreg-sverige-norge.com\/no\/kan-en-drittpakke-oke-matproduksjonen-sirkulaere-synergier-mellom-land-og-vann\/#article","isPartOf":{"@id":"https:\/\/www.interreg-sverige-norge.com\/no\/kan-en-drittpakke-oke-matproduksjonen-sirkulaere-synergier-mellom-land-og-vann\/"},"author":{"name":"Marie Bohman L\u00e5te","@id":"https:\/\/www.interreg-sverige-norge.com\/no\/#\/schema\/person\/7d330759cf4ffb221df5697087f1f836"},"headline":"Kan en drittpakke \u00f8ke matproduksjonen? \u2013 Sirkul\u00e6re synergier mellom land og vann","datePublished":"2026-01-05T13:23:32+00:00","dateModified":"2026-01-06T08:22:12+00:00","mainEntityOfPage":{"@id":"https:\/\/www.interreg-sverige-norge.com\/no\/kan-en-drittpakke-oke-matproduksjonen-sirkulaere-synergier-mellom-land-og-vann\/"},"wordCount":672,"publisher":{"@id":"https:\/\/www.interreg-sverige-norge.com\/no\/#organization"},"image":{"@id":"https:\/\/www.interreg-sverige-norge.com\/no\/kan-en-drittpakke-oke-matproduksjonen-sirkulaere-synergier-mellom-land-og-vann\/#primaryimage"},"thumbnailUrl":"https:\/\/www.interreg-sverige-norge.com\/wp-content\/uploads\/Forsoksfelt-Cirkulara-synergier-foto-Halvor-Mortensen.jpg","articleSection":["Artiklar"],"inLanguage":"nb-NO"},{"@type":"WebPage","@id":"https:\/\/www.interreg-sverige-norge.com\/no\/kan-en-drittpakke-oke-matproduksjonen-sirkulaere-synergier-mellom-land-og-vann\/","url":"https:\/\/www.interreg-sverige-norge.com\/no\/kan-en-drittpakke-oke-matproduksjonen-sirkulaere-synergier-mellom-land-og-vann\/","name":"Kan en drittpakke \u00f8ke matproduksjonen? \u2013 Sirkul\u00e6re synergier mellom land og vann - Interreg Sverige-Norge","isPartOf":{"@id":"https:\/\/www.interreg-sverige-norge.com\/no\/#website"},"primaryImageOfPage":{"@id":"https:\/\/www.interreg-sverige-norge.com\/no\/kan-en-drittpakke-oke-matproduksjonen-sirkulaere-synergier-mellom-land-og-vann\/#primaryimage"},"image":{"@id":"https:\/\/www.interreg-sverige-norge.com\/no\/kan-en-drittpakke-oke-matproduksjonen-sirkulaere-synergier-mellom-land-og-vann\/#primaryimage"},"thumbnailUrl":"https:\/\/www.interreg-sverige-norge.com\/wp-content\/uploads\/Forsoksfelt-Cirkulara-synergier-foto-Halvor-Mortensen.jpg","datePublished":"2026-01-05T13:23:32+00:00","dateModified":"2026-01-06T08:22:12+00:00","breadcrumb":{"@id":"https:\/\/www.interreg-sverige-norge.com\/no\/kan-en-drittpakke-oke-matproduksjonen-sirkulaere-synergier-mellom-land-og-vann\/#breadcrumb"},"inLanguage":"nb-NO","potentialAction":[{"@type":"ReadAction","target":["https:\/\/www.interreg-sverige-norge.com\/no\/kan-en-drittpakke-oke-matproduksjonen-sirkulaere-synergier-mellom-land-og-vann\/"]}]},{"@type":"ImageObject","inLanguage":"nb-NO","@id":"https:\/\/www.interreg-sverige-norge.com\/no\/kan-en-drittpakke-oke-matproduksjonen-sirkulaere-synergier-mellom-land-og-vann\/#primaryimage","url":"https:\/\/www.interreg-sverige-norge.com\/wp-content\/uploads\/Forsoksfelt-Cirkulara-synergier-foto-Halvor-Mortensen.jpg","contentUrl":"https:\/\/www.interreg-sverige-norge.com\/wp-content\/uploads\/Forsoksfelt-Cirkulara-synergier-foto-Halvor-Mortensen.jpg","width":2320,"height":1736},{"@type":"BreadcrumbList","@id":"https:\/\/www.interreg-sverige-norge.com\/no\/kan-en-drittpakke-oke-matproduksjonen-sirkulaere-synergier-mellom-land-og-vann\/#breadcrumb","itemListElement":[{"@type":"ListItem","position":1,"name":"Start","item":"https:\/\/www.interreg-sverige-norge.com\/no\/"},{"@type":"ListItem","position":2,"name":"Artikler","item":"https:\/\/www.interreg-sverige-norge.com\/no\/category\/artikler\/"},{"@type":"ListItem","position":3,"name":"Kan en drittpakke \u00f8ke matproduksjonen? \u2013 Sirkul\u00e6re synergier mellom land og vann"}]},{"@type":"WebSite","@id":"https:\/\/www.interreg-sverige-norge.com\/no\/#website","url":"https:\/\/www.interreg-sverige-norge.com\/no\/","name":"Interreg Sverige-Norge","description":"","publisher":{"@id":"https:\/\/www.interreg-sverige-norge.com\/no\/#organization"},"potentialAction":[{"@type":"SearchAction","target":{"@type":"EntryPoint","urlTemplate":"https:\/\/www.interreg-sverige-norge.com\/no\/?s={search_term_string}"},"query-input":{"@type":"PropertyValueSpecification","valueRequired":true,"valueName":"search_term_string"}}],"inLanguage":"nb-NO"},{"@type":"Organization","@id":"https:\/\/www.interreg-sverige-norge.com\/no\/#organization","name":"Interreg Sverige\u2013Norge","url":"https:\/\/www.interreg-sverige-norge.com\/no\/","logo":{"@type":"ImageObject","inLanguage":"nb-NO","@id":"https:\/\/www.interreg-sverige-norge.com\/no\/#\/schema\/logo\/image\/","url":"https:\/\/www.interreg-sverige-norge.com\/wp-content\/uploads\/Interreg-logo.svg","contentUrl":"https:\/\/www.interreg-sverige-norge.com\/wp-content\/uploads\/Interreg-logo.svg","width":409,"height":91,"caption":"Interreg Sverige\u2013Norge"},"image":{"@id":"https:\/\/www.interreg-sverige-norge.com\/no\/#\/schema\/logo\/image\/"},"sameAs":["https:\/\/www.facebook.com\/Interreg-Sverige-Norge-543432269147183\/","https:\/\/www.youtube.com\/channel\/UCkwTnZPG8RAJVCppT3vT1Eg"]},{"@type":"Person","@id":"https:\/\/www.interreg-sverige-norge.com\/no\/#\/schema\/person\/7d330759cf4ffb221df5697087f1f836","name":"Marie Bohman L\u00e5te","image":{"@type":"ImageObject","inLanguage":"nb-NO","@id":"https:\/\/secure.gravatar.com\/avatar\/5865f9e965d2628d6c3f81802c209f79471b2ab591b4001ad61f33cfa8ddb41c?s=96&d=mm&r=g","url":"https:\/\/secure.gravatar.com\/avatar\/5865f9e965d2628d6c3f81802c209f79471b2ab591b4001ad61f33cfa8ddb41c?s=96&d=mm&r=g","contentUrl":"https:\/\/secure.gravatar.com\/avatar\/5865f9e965d2628d6c3f81802c209f79471b2ab591b4001ad61f33cfa8ddb41c?s=96&d=mm&r=g","caption":"Marie Bohman L\u00e5te"},"sameAs":["https:\/\/www.interreg-sverige-norge.com\/"]}]}},"_links":{"self":[{"href":"https:\/\/www.interreg-sverige-norge.com\/no\/wp-json\/wp\/v2\/posts\/16095","targetHints":{"allow":["GET"]}}],"collection":[{"href":"https:\/\/www.interreg-sverige-norge.com\/no\/wp-json\/wp\/v2\/posts"}],"about":[{"href":"https:\/\/www.interreg-sverige-norge.com\/no\/wp-json\/wp\/v2\/types\/post"}],"author":[{"embeddable":true,"href":"https:\/\/www.interreg-sverige-norge.com\/no\/wp-json\/wp\/v2\/users\/21"}],"replies":[{"embeddable":true,"href":"https:\/\/www.interreg-sverige-norge.com\/no\/wp-json\/wp\/v2\/comments?post=16095"}],"version-history":[{"count":24,"href":"https:\/\/www.interreg-sverige-norge.com\/no\/wp-json\/wp\/v2\/posts\/16095\/revisions"}],"predecessor-version":[{"id":16137,"href":"https:\/\/www.interreg-sverige-norge.com\/no\/wp-json\/wp\/v2\/posts\/16095\/revisions\/16137"}],"wp:featuredmedia":[{"embeddable":true,"href":"https:\/\/www.interreg-sverige-norge.com\/no\/wp-json\/wp\/v2\/media\/16098"}],"wp:attachment":[{"href":"https:\/\/www.interreg-sverige-norge.com\/no\/wp-json\/wp\/v2\/media?parent=16095"}],"wp:term":[{"taxonomy":"category","embeddable":true,"href":"https:\/\/www.interreg-sverige-norge.com\/no\/wp-json\/wp\/v2\/categories?post=16095"},{"taxonomy":"post_tag","embeddable":true,"href":"https:\/\/www.interreg-sverige-norge.com\/no\/wp-json\/wp\/v2\/tags?post=16095"}],"curies":[{"name":"wp","href":"https:\/\/api.w.org\/{rel}","templated":true}]}}