{"id":15942,"date":"2025-11-20T11:27:57","date_gmt":"2025-11-20T10:27:57","guid":{"rendered":"https:\/\/www.interreg-sverige-norge.com\/?p=15942"},"modified":"2025-11-20T11:28:01","modified_gmt":"2025-11-20T10:28:01","slug":"nye-prosjekter-har-blitt-prioritert-av-styringskomiteen-i-sentrale-skandinavia","status":"publish","type":"post","link":"https:\/\/www.interreg-sverige-norge.com\/no\/nye-prosjekter-har-blitt-prioritert-av-styringskomiteen-i-sentrale-skandinavia\/","title":{"rendered":"Nye prosjekter har blitt prioritert av styringskomiteen i Sentrale Skandinavia"},"content":{"rendered":"\n<p><a href=\"https:\/\/www.interreg-sverige-norge.com\/wp-admin\/edit.php?post_type=post\"><\/a><\/p>\n\n\n\n<p>F\u00f8lgende prosjekter ble prioritert i m\u00f8te med styringskomiteen: <\/p>\n\n\n\n<h2 class=\"wp-block-heading\"><strong>Testarena Skagerrak<\/strong><\/h2>\n\n\n\n<p><strong>Prioritering:<\/strong> En smartere grenseregion<br><strong>Spesifikt m\u00e5l:<\/strong> Utvikle og forbedre forsknings- og innovasjonskapasiteten og bruken av avansert teknologi<br><strong>Prosjektperiode:<\/strong> 1. januar 2026 \u2013 31. desember 2028<br><strong>Svensk prosjekteier:<\/strong> Str\u00f8mstad kommune<br><strong>Norsk prosjekteier:<\/strong> Hvaler kommune<br><strong>Totalt budsjett:<\/strong> 2 222 751 EUR<br><strong>Bel\u00f8p EU-midler: <\/strong>1 046 487 EUR<br><strong>Bel\u00f8p IR-midler:<\/strong> 286 000 EUR<\/p>\n\n\n\n<p>Testarena Skagerrak er et norsk-svensk milj\u00f8 med infrastruktur p\u00e5 Tj\u00e4rn\u00f6 og Hvaler\/Utg\u00e5rdskilen. Hvaler og Str\u00f8mstad kommuner vil i samarbeid med G\u00f8teborgs universitet og Innovatum gi forskning, n\u00e6ringsliv og myndigheter en arena for \u00e5 utvikle og pr\u00f8ve ut arter, teknologier og forretningsmodeller. I en felles bl\u00e5 node styrkes eksisterende n\u00e6ringer og arbeidsplasser, og nye skapes. Testarena Skagerrak forbedrer milj\u00f8status i Skagerrak og Oslofjorden, harmoniserer regelverk og praksis og styrker regionens internasjonale synlighet.<\/p>\n\n\n\n<p>P\u00e5 sikt skal resultatene videref\u00f8res gjennom etablering av et Centre of Excellence for ekstraktivt havbruk og bl\u00e5 innovasjon. Gevinsten er b\u00e5de \u00f8kologisk og \u00f8konomisk.<\/p>\n\n\n\n<h2 class=\"wp-block-heading\"><strong><strong>The Ceramic Loop \u2013 from landfill to architectural value<\/strong><\/strong><\/h2>\n\n\n\n<p><strong>Prioritering:\u00a0<\/strong>En gr\u00f8nnere grenseregion<strong><br>Spesifikt m\u00e5l:\u00a0<\/strong>Fremme overgangen til en sirkul\u00e6r og ressurseffektiv \u00f8konomi<strong><br>Prosjektperiode:\u00a0<\/strong>1. januari 2026 \u2013 30. juni 2028<strong><br>Svensk prosjekteier:\u00a0<\/strong>Enkei Lights AB<strong><br>Norsk prosjekteier:\u00a0<\/strong>Norsk Gjennvinning AS<strong><br>Totalt budsjett:\u00a0<\/strong>455 284 EUR<strong><br>Bel\u00f8p EU-midler:\u00a0<\/strong>191 476 EUR<strong><br>Bel\u00f8p IR-midler:<\/strong>\u00a075 000 EUR<\/p>\n\n\n\n<p><strong>M\u00e5let med prosjektet<\/strong> er \u00e5 utvikle sirkul\u00e6re l\u00f8sninger for bygg- og rivningsavfall i grenseomr\u00e5det mellom Norge og Sverige. Prosjektet skal redusere deponering og utslipp ved \u00e5 omdanne keramikk, betong og naturstein til nye materialer for bygg og design.<\/p>\n\n\n\n<p><strong>Arbeidet inkluderer<\/strong> kartlegging av avfallsstr\u00f8mmer, utvikling og testing av materialblandinger, etablering av pilotprosjekter og forretningsmodeller. Samarbeidet mellom akt\u00f8rer p\u00e5 begge sider av grensen skal bidra til mer b\u00e6rekraftige l\u00f8sninger og styrke verdikjeden for gjenbruk i byggsektoren.<\/p>\n\n\n\n<p>Bilde: H\u00e5ndh\u00f8stet og kortreist stillehavs\u00f8sters fra Hvaler. Foto: Storm \u00d8sters AS<\/p>\n","protected":false},"excerpt":{"rendered":"<p>F\u00f8lgende prosjekter ble prioritert i m\u00f8te med styringskomiteen: Testarena Skagerrak Prioritering: En smartere grenseregionSpesifikt m\u00e5l: Utvikle og forbedre forsknings- og innovasjonskapasiteten og bruken av avansert teknologiProsjektperiode: 1. januar 2026 \u2013 31. desember 2028Svensk prosjekteier: Str\u00f8mstad kommuneNorsk prosjekteier: Hvaler kommuneTotalt budsjett: 2 222 751 EURBel\u00f8p EU-midler: 1 046 487 EURBel\u00f8p IR-midler: 286 000 EUR Testarena Skagerrak [&hellip;]<\/p>\n","protected":false},"author":21,"featured_media":15960,"comment_status":"closed","ping_status":"closed","sticky":false,"template":"","format":"standard","meta":{"_jf_schedule_form":"","_jf_limit_responses":"","footnotes":""},"categories":[145],"tags":[],"class_list":["post-15942","post","type-post","status-publish","format-standard","has-post-thumbnail","hentry","category-artikler"],"yoast_head":"<!-- This site is optimized with the Yoast SEO plugin v27.5 - https:\/\/yoast.com\/product\/yoast-seo-wordpress\/ -->\n<title>Nye prosjekter har blitt prioritert av styringskomiteen i Sentrale Skandinavia - Interreg Sverige-Norge<\/title>\n<meta name=\"robots\" content=\"index, follow, max-snippet:-1, max-image-preview:large, max-video-preview:-1\" \/>\n<link rel=\"canonical\" href=\"https:\/\/www.interreg-sverige-norge.com\/no\/nye-prosjekter-har-blitt-prioritert-av-styringskomiteen-i-sentrale-skandinavia\/\" \/>\n<meta property=\"og:locale\" content=\"nb_NO\" \/>\n<meta property=\"og:type\" content=\"article\" \/>\n<meta property=\"og:title\" content=\"Nye prosjekter har blitt prioritert av styringskomiteen i Sentrale Skandinavia - Interreg Sverige-Norge\" \/>\n<meta property=\"og:description\" content=\"F\u00f8lgende prosjekter ble prioritert i m\u00f8te med styringskomiteen: Testarena Skagerrak Prioritering: En smartere grenseregionSpesifikt m\u00e5l: Utvikle og forbedre forsknings- og innovasjonskapasiteten og bruken av avansert teknologiProsjektperiode: 1. januar 2026 \u2013 31. desember 2028Svensk prosjekteier: Str\u00f8mstad kommuneNorsk prosjekteier: Hvaler kommuneTotalt budsjett: 2 222 751 EURBel\u00f8p EU-midler: 1 046 487 EURBel\u00f8p IR-midler: 286 000 EUR Testarena Skagerrak [&hellip;]\" \/>\n<meta property=\"og:url\" content=\"https:\/\/www.interreg-sverige-norge.com\/no\/nye-prosjekter-har-blitt-prioritert-av-styringskomiteen-i-sentrale-skandinavia\/\" \/>\n<meta property=\"og:site_name\" content=\"Interreg Sverige-Norge\" \/>\n<meta property=\"article:publisher\" content=\"https:\/\/www.facebook.com\/Interreg-Sverige-Norge-543432269147183\/\" \/>\n<meta property=\"article:published_time\" content=\"2025-11-20T10:27:57+00:00\" \/>\n<meta property=\"article:modified_time\" content=\"2025-11-20T10:28:01+00:00\" \/>\n<meta property=\"og:image\" content=\"https:\/\/www.interreg-sverige-norge.com\/wp-content\/uploads\/490313802_1273416941451691_5489475571052628365_n.jpg\" \/>\n\t<meta property=\"og:image:width\" content=\"1440\" \/>\n\t<meta property=\"og:image:height\" content=\"1800\" \/>\n\t<meta property=\"og:image:type\" content=\"image\/jpeg\" \/>\n<meta name=\"author\" content=\"Marie Bohman L\u00e5te\" \/>\n<meta name=\"twitter:card\" content=\"summary_large_image\" \/>\n<meta name=\"twitter:label1\" content=\"Skrevet av\" \/>\n\t<meta name=\"twitter:data1\" content=\"Marie Bohman L\u00e5te\" \/>\n\t<meta name=\"twitter:label2\" content=\"Ansl. lesetid\" \/>\n\t<meta name=\"twitter:data2\" content=\"1 minutt\" \/>\n<script type=\"application\/ld+json\" class=\"yoast-schema-graph\">{\"@context\":\"https:\\\/\\\/schema.org\",\"@graph\":[{\"@type\":\"Article\",\"@id\":\"https:\\\/\\\/www.interreg-sverige-norge.com\\\/no\\\/nye-prosjekter-har-blitt-prioritert-av-styringskomiteen-i-sentrale-skandinavia\\\/#article\",\"isPartOf\":{\"@id\":\"https:\\\/\\\/www.interreg-sverige-norge.com\\\/no\\\/nye-prosjekter-har-blitt-prioritert-av-styringskomiteen-i-sentrale-skandinavia\\\/\"},\"author\":{\"name\":\"Marie Bohman L\u00e5te\",\"@id\":\"https:\\\/\\\/www.interreg-sverige-norge.com\\\/no\\\/#\\\/schema\\\/person\\\/7d330759cf4ffb221df5697087f1f836\"},\"headline\":\"Nye prosjekter har blitt prioritert av styringskomiteen i Sentrale Skandinavia\",\"datePublished\":\"2025-11-20T10:27:57+00:00\",\"dateModified\":\"2025-11-20T10:28:01+00:00\",\"mainEntityOfPage\":{\"@id\":\"https:\\\/\\\/www.interreg-sverige-norge.com\\\/no\\\/nye-prosjekter-har-blitt-prioritert-av-styringskomiteen-i-sentrale-skandinavia\\\/\"},\"wordCount\":311,\"publisher\":{\"@id\":\"https:\\\/\\\/www.interreg-sverige-norge.com\\\/no\\\/#organization\"},\"image\":{\"@id\":\"https:\\\/\\\/www.interreg-sverige-norge.com\\\/no\\\/nye-prosjekter-har-blitt-prioritert-av-styringskomiteen-i-sentrale-skandinavia\\\/#primaryimage\"},\"thumbnailUrl\":\"https:\\\/\\\/www.interreg-sverige-norge.com\\\/wp-content\\\/uploads\\\/490313802_1273416941451691_5489475571052628365_n.jpg\",\"articleSection\":[\"Artikler\"],\"inLanguage\":\"nb-NO\"},{\"@type\":\"WebPage\",\"@id\":\"https:\\\/\\\/www.interreg-sverige-norge.com\\\/no\\\/nye-prosjekter-har-blitt-prioritert-av-styringskomiteen-i-sentrale-skandinavia\\\/\",\"url\":\"https:\\\/\\\/www.interreg-sverige-norge.com\\\/no\\\/nye-prosjekter-har-blitt-prioritert-av-styringskomiteen-i-sentrale-skandinavia\\\/\",\"name\":\"Nye prosjekter har blitt prioritert av styringskomiteen i Sentrale Skandinavia - Interreg Sverige-Norge\",\"isPartOf\":{\"@id\":\"https:\\\/\\\/www.interreg-sverige-norge.com\\\/no\\\/#website\"},\"primaryImageOfPage\":{\"@id\":\"https:\\\/\\\/www.interreg-sverige-norge.com\\\/no\\\/nye-prosjekter-har-blitt-prioritert-av-styringskomiteen-i-sentrale-skandinavia\\\/#primaryimage\"},\"image\":{\"@id\":\"https:\\\/\\\/www.interreg-sverige-norge.com\\\/no\\\/nye-prosjekter-har-blitt-prioritert-av-styringskomiteen-i-sentrale-skandinavia\\\/#primaryimage\"},\"thumbnailUrl\":\"https:\\\/\\\/www.interreg-sverige-norge.com\\\/wp-content\\\/uploads\\\/490313802_1273416941451691_5489475571052628365_n.jpg\",\"datePublished\":\"2025-11-20T10:27:57+00:00\",\"dateModified\":\"2025-11-20T10:28:01+00:00\",\"breadcrumb\":{\"@id\":\"https:\\\/\\\/www.interreg-sverige-norge.com\\\/no\\\/nye-prosjekter-har-blitt-prioritert-av-styringskomiteen-i-sentrale-skandinavia\\\/#breadcrumb\"},\"inLanguage\":\"nb-NO\",\"potentialAction\":[{\"@type\":\"ReadAction\",\"target\":[\"https:\\\/\\\/www.interreg-sverige-norge.com\\\/no\\\/nye-prosjekter-har-blitt-prioritert-av-styringskomiteen-i-sentrale-skandinavia\\\/\"]}]},{\"@type\":\"ImageObject\",\"inLanguage\":\"nb-NO\",\"@id\":\"https:\\\/\\\/www.interreg-sverige-norge.com\\\/no\\\/nye-prosjekter-har-blitt-prioritert-av-styringskomiteen-i-sentrale-skandinavia\\\/#primaryimage\",\"url\":\"https:\\\/\\\/www.interreg-sverige-norge.com\\\/wp-content\\\/uploads\\\/490313802_1273416941451691_5489475571052628365_n.jpg\",\"contentUrl\":\"https:\\\/\\\/www.interreg-sverige-norge.com\\\/wp-content\\\/uploads\\\/490313802_1273416941451691_5489475571052628365_n.jpg\",\"width\":1440,\"height\":1800,\"caption\":\"Bilde: H\u00e5ndh\u00f8stet og kortreist stillehavs\u00f8sters fra Hvaler. Foto: Storm \u00d8sters AS\"},{\"@type\":\"BreadcrumbList\",\"@id\":\"https:\\\/\\\/www.interreg-sverige-norge.com\\\/no\\\/nye-prosjekter-har-blitt-prioritert-av-styringskomiteen-i-sentrale-skandinavia\\\/#breadcrumb\",\"itemListElement\":[{\"@type\":\"ListItem\",\"position\":1,\"name\":\"Start\",\"item\":\"https:\\\/\\\/www.interreg-sverige-norge.com\\\/no\\\/\"},{\"@type\":\"ListItem\",\"position\":2,\"name\":\"Artikler\",\"item\":\"https:\\\/\\\/www.interreg-sverige-norge.com\\\/no\\\/category\\\/artikler\\\/\"},{\"@type\":\"ListItem\",\"position\":3,\"name\":\"Nye prosjekter har blitt prioritert av styringskomiteen i Sentrale Skandinavia\"}]},{\"@type\":\"WebSite\",\"@id\":\"https:\\\/\\\/www.interreg-sverige-norge.com\\\/no\\\/#website\",\"url\":\"https:\\\/\\\/www.interreg-sverige-norge.com\\\/no\\\/\",\"name\":\"Interreg Sverige-Norge\",\"description\":\"\",\"publisher\":{\"@id\":\"https:\\\/\\\/www.interreg-sverige-norge.com\\\/no\\\/#organization\"},\"potentialAction\":[{\"@type\":\"SearchAction\",\"target\":{\"@type\":\"EntryPoint\",\"urlTemplate\":\"https:\\\/\\\/www.interreg-sverige-norge.com\\\/no\\\/?s={search_term_string}\"},\"query-input\":{\"@type\":\"PropertyValueSpecification\",\"valueRequired\":true,\"valueName\":\"search_term_string\"}}],\"inLanguage\":\"nb-NO\"},{\"@type\":\"Organization\",\"@id\":\"https:\\\/\\\/www.interreg-sverige-norge.com\\\/no\\\/#organization\",\"name\":\"Interreg Sverige\u2013Norge\",\"url\":\"https:\\\/\\\/www.interreg-sverige-norge.com\\\/no\\\/\",\"logo\":{\"@type\":\"ImageObject\",\"inLanguage\":\"nb-NO\",\"@id\":\"https:\\\/\\\/www.interreg-sverige-norge.com\\\/no\\\/#\\\/schema\\\/logo\\\/image\\\/\",\"url\":\"https:\\\/\\\/www.interreg-sverige-norge.com\\\/wp-content\\\/uploads\\\/Interreg-logo.svg\",\"contentUrl\":\"https:\\\/\\\/www.interreg-sverige-norge.com\\\/wp-content\\\/uploads\\\/Interreg-logo.svg\",\"width\":409,\"height\":91,\"caption\":\"Interreg Sverige\u2013Norge\"},\"image\":{\"@id\":\"https:\\\/\\\/www.interreg-sverige-norge.com\\\/no\\\/#\\\/schema\\\/logo\\\/image\\\/\"},\"sameAs\":[\"https:\\\/\\\/www.facebook.com\\\/Interreg-Sverige-Norge-543432269147183\\\/\",\"https:\\\/\\\/www.youtube.com\\\/channel\\\/UCkwTnZPG8RAJVCppT3vT1Eg\"]},{\"@type\":\"Person\",\"@id\":\"https:\\\/\\\/www.interreg-sverige-norge.com\\\/no\\\/#\\\/schema\\\/person\\\/7d330759cf4ffb221df5697087f1f836\",\"name\":\"Marie Bohman L\u00e5te\",\"image\":{\"@type\":\"ImageObject\",\"inLanguage\":\"nb-NO\",\"@id\":\"https:\\\/\\\/secure.gravatar.com\\\/avatar\\\/5865f9e965d2628d6c3f81802c209f79471b2ab591b4001ad61f33cfa8ddb41c?s=96&d=mm&r=g\",\"url\":\"https:\\\/\\\/secure.gravatar.com\\\/avatar\\\/5865f9e965d2628d6c3f81802c209f79471b2ab591b4001ad61f33cfa8ddb41c?s=96&d=mm&r=g\",\"contentUrl\":\"https:\\\/\\\/secure.gravatar.com\\\/avatar\\\/5865f9e965d2628d6c3f81802c209f79471b2ab591b4001ad61f33cfa8ddb41c?s=96&d=mm&r=g\",\"caption\":\"Marie Bohman L\u00e5te\"},\"sameAs\":[\"https:\\\/\\\/www.interreg-sverige-norge.com\\\/\"]}]}<\/script>\n<!-- \/ Yoast SEO plugin. -->","yoast_head_json":{"title":"Nye prosjekter har blitt prioritert av styringskomiteen i Sentrale Skandinavia - Interreg Sverige-Norge","robots":{"index":"index","follow":"follow","max-snippet":"max-snippet:-1","max-image-preview":"max-image-preview:large","max-video-preview":"max-video-preview:-1"},"canonical":"https:\/\/www.interreg-sverige-norge.com\/no\/nye-prosjekter-har-blitt-prioritert-av-styringskomiteen-i-sentrale-skandinavia\/","og_locale":"nb_NO","og_type":"article","og_title":"Nye prosjekter har blitt prioritert av styringskomiteen i Sentrale Skandinavia - Interreg Sverige-Norge","og_description":"F\u00f8lgende prosjekter ble prioritert i m\u00f8te med styringskomiteen: Testarena Skagerrak Prioritering: En smartere grenseregionSpesifikt m\u00e5l: Utvikle og forbedre forsknings- og innovasjonskapasiteten og bruken av avansert teknologiProsjektperiode: 1. januar 2026 \u2013 31. desember 2028Svensk prosjekteier: Str\u00f8mstad kommuneNorsk prosjekteier: Hvaler kommuneTotalt budsjett: 2 222 751 EURBel\u00f8p EU-midler: 1 046 487 EURBel\u00f8p IR-midler: 286 000 EUR Testarena Skagerrak [&hellip;]","og_url":"https:\/\/www.interreg-sverige-norge.com\/no\/nye-prosjekter-har-blitt-prioritert-av-styringskomiteen-i-sentrale-skandinavia\/","og_site_name":"Interreg Sverige-Norge","article_publisher":"https:\/\/www.facebook.com\/Interreg-Sverige-Norge-543432269147183\/","article_published_time":"2025-11-20T10:27:57+00:00","article_modified_time":"2025-11-20T10:28:01+00:00","og_image":[{"width":1440,"height":1800,"url":"https:\/\/www.interreg-sverige-norge.com\/wp-content\/uploads\/490313802_1273416941451691_5489475571052628365_n.jpg","type":"image\/jpeg"}],"author":"Marie Bohman L\u00e5te","twitter_card":"summary_large_image","twitter_misc":{"Skrevet av":"Marie Bohman L\u00e5te","Ansl. lesetid":"1 minutt"},"schema":{"@context":"https:\/\/schema.org","@graph":[{"@type":"Article","@id":"https:\/\/www.interreg-sverige-norge.com\/no\/nye-prosjekter-har-blitt-prioritert-av-styringskomiteen-i-sentrale-skandinavia\/#article","isPartOf":{"@id":"https:\/\/www.interreg-sverige-norge.com\/no\/nye-prosjekter-har-blitt-prioritert-av-styringskomiteen-i-sentrale-skandinavia\/"},"author":{"name":"Marie Bohman L\u00e5te","@id":"https:\/\/www.interreg-sverige-norge.com\/no\/#\/schema\/person\/7d330759cf4ffb221df5697087f1f836"},"headline":"Nye prosjekter har blitt prioritert av styringskomiteen i Sentrale Skandinavia","datePublished":"2025-11-20T10:27:57+00:00","dateModified":"2025-11-20T10:28:01+00:00","mainEntityOfPage":{"@id":"https:\/\/www.interreg-sverige-norge.com\/no\/nye-prosjekter-har-blitt-prioritert-av-styringskomiteen-i-sentrale-skandinavia\/"},"wordCount":311,"publisher":{"@id":"https:\/\/www.interreg-sverige-norge.com\/no\/#organization"},"image":{"@id":"https:\/\/www.interreg-sverige-norge.com\/no\/nye-prosjekter-har-blitt-prioritert-av-styringskomiteen-i-sentrale-skandinavia\/#primaryimage"},"thumbnailUrl":"https:\/\/www.interreg-sverige-norge.com\/wp-content\/uploads\/490313802_1273416941451691_5489475571052628365_n.jpg","articleSection":["Artikler"],"inLanguage":"nb-NO"},{"@type":"WebPage","@id":"https:\/\/www.interreg-sverige-norge.com\/no\/nye-prosjekter-har-blitt-prioritert-av-styringskomiteen-i-sentrale-skandinavia\/","url":"https:\/\/www.interreg-sverige-norge.com\/no\/nye-prosjekter-har-blitt-prioritert-av-styringskomiteen-i-sentrale-skandinavia\/","name":"Nye prosjekter har blitt prioritert av styringskomiteen i Sentrale Skandinavia - Interreg Sverige-Norge","isPartOf":{"@id":"https:\/\/www.interreg-sverige-norge.com\/no\/#website"},"primaryImageOfPage":{"@id":"https:\/\/www.interreg-sverige-norge.com\/no\/nye-prosjekter-har-blitt-prioritert-av-styringskomiteen-i-sentrale-skandinavia\/#primaryimage"},"image":{"@id":"https:\/\/www.interreg-sverige-norge.com\/no\/nye-prosjekter-har-blitt-prioritert-av-styringskomiteen-i-sentrale-skandinavia\/#primaryimage"},"thumbnailUrl":"https:\/\/www.interreg-sverige-norge.com\/wp-content\/uploads\/490313802_1273416941451691_5489475571052628365_n.jpg","datePublished":"2025-11-20T10:27:57+00:00","dateModified":"2025-11-20T10:28:01+00:00","breadcrumb":{"@id":"https:\/\/www.interreg-sverige-norge.com\/no\/nye-prosjekter-har-blitt-prioritert-av-styringskomiteen-i-sentrale-skandinavia\/#breadcrumb"},"inLanguage":"nb-NO","potentialAction":[{"@type":"ReadAction","target":["https:\/\/www.interreg-sverige-norge.com\/no\/nye-prosjekter-har-blitt-prioritert-av-styringskomiteen-i-sentrale-skandinavia\/"]}]},{"@type":"ImageObject","inLanguage":"nb-NO","@id":"https:\/\/www.interreg-sverige-norge.com\/no\/nye-prosjekter-har-blitt-prioritert-av-styringskomiteen-i-sentrale-skandinavia\/#primaryimage","url":"https:\/\/www.interreg-sverige-norge.com\/wp-content\/uploads\/490313802_1273416941451691_5489475571052628365_n.jpg","contentUrl":"https:\/\/www.interreg-sverige-norge.com\/wp-content\/uploads\/490313802_1273416941451691_5489475571052628365_n.jpg","width":1440,"height":1800,"caption":"Bilde: H\u00e5ndh\u00f8stet og kortreist stillehavs\u00f8sters fra Hvaler. Foto: Storm \u00d8sters AS"},{"@type":"BreadcrumbList","@id":"https:\/\/www.interreg-sverige-norge.com\/no\/nye-prosjekter-har-blitt-prioritert-av-styringskomiteen-i-sentrale-skandinavia\/#breadcrumb","itemListElement":[{"@type":"ListItem","position":1,"name":"Start","item":"https:\/\/www.interreg-sverige-norge.com\/no\/"},{"@type":"ListItem","position":2,"name":"Artikler","item":"https:\/\/www.interreg-sverige-norge.com\/no\/category\/artikler\/"},{"@type":"ListItem","position":3,"name":"Nye prosjekter har blitt prioritert av styringskomiteen i Sentrale Skandinavia"}]},{"@type":"WebSite","@id":"https:\/\/www.interreg-sverige-norge.com\/no\/#website","url":"https:\/\/www.interreg-sverige-norge.com\/no\/","name":"Interreg Sverige-Norge","description":"","publisher":{"@id":"https:\/\/www.interreg-sverige-norge.com\/no\/#organization"},"potentialAction":[{"@type":"SearchAction","target":{"@type":"EntryPoint","urlTemplate":"https:\/\/www.interreg-sverige-norge.com\/no\/?s={search_term_string}"},"query-input":{"@type":"PropertyValueSpecification","valueRequired":true,"valueName":"search_term_string"}}],"inLanguage":"nb-NO"},{"@type":"Organization","@id":"https:\/\/www.interreg-sverige-norge.com\/no\/#organization","name":"Interreg Sverige\u2013Norge","url":"https:\/\/www.interreg-sverige-norge.com\/no\/","logo":{"@type":"ImageObject","inLanguage":"nb-NO","@id":"https:\/\/www.interreg-sverige-norge.com\/no\/#\/schema\/logo\/image\/","url":"https:\/\/www.interreg-sverige-norge.com\/wp-content\/uploads\/Interreg-logo.svg","contentUrl":"https:\/\/www.interreg-sverige-norge.com\/wp-content\/uploads\/Interreg-logo.svg","width":409,"height":91,"caption":"Interreg Sverige\u2013Norge"},"image":{"@id":"https:\/\/www.interreg-sverige-norge.com\/no\/#\/schema\/logo\/image\/"},"sameAs":["https:\/\/www.facebook.com\/Interreg-Sverige-Norge-543432269147183\/","https:\/\/www.youtube.com\/channel\/UCkwTnZPG8RAJVCppT3vT1Eg"]},{"@type":"Person","@id":"https:\/\/www.interreg-sverige-norge.com\/no\/#\/schema\/person\/7d330759cf4ffb221df5697087f1f836","name":"Marie Bohman L\u00e5te","image":{"@type":"ImageObject","inLanguage":"nb-NO","@id":"https:\/\/secure.gravatar.com\/avatar\/5865f9e965d2628d6c3f81802c209f79471b2ab591b4001ad61f33cfa8ddb41c?s=96&d=mm&r=g","url":"https:\/\/secure.gravatar.com\/avatar\/5865f9e965d2628d6c3f81802c209f79471b2ab591b4001ad61f33cfa8ddb41c?s=96&d=mm&r=g","contentUrl":"https:\/\/secure.gravatar.com\/avatar\/5865f9e965d2628d6c3f81802c209f79471b2ab591b4001ad61f33cfa8ddb41c?s=96&d=mm&r=g","caption":"Marie Bohman L\u00e5te"},"sameAs":["https:\/\/www.interreg-sverige-norge.com\/"]}]}},"_links":{"self":[{"href":"https:\/\/www.interreg-sverige-norge.com\/no\/wp-json\/wp\/v2\/posts\/15942","targetHints":{"allow":["GET"]}}],"collection":[{"href":"https:\/\/www.interreg-sverige-norge.com\/no\/wp-json\/wp\/v2\/posts"}],"about":[{"href":"https:\/\/www.interreg-sverige-norge.com\/no\/wp-json\/wp\/v2\/types\/post"}],"author":[{"embeddable":true,"href":"https:\/\/www.interreg-sverige-norge.com\/no\/wp-json\/wp\/v2\/users\/21"}],"replies":[{"embeddable":true,"href":"https:\/\/www.interreg-sverige-norge.com\/no\/wp-json\/wp\/v2\/comments?post=15942"}],"version-history":[{"count":8,"href":"https:\/\/www.interreg-sverige-norge.com\/no\/wp-json\/wp\/v2\/posts\/15942\/revisions"}],"predecessor-version":[{"id":15978,"href":"https:\/\/www.interreg-sverige-norge.com\/no\/wp-json\/wp\/v2\/posts\/15942\/revisions\/15978"}],"wp:featuredmedia":[{"embeddable":true,"href":"https:\/\/www.interreg-sverige-norge.com\/no\/wp-json\/wp\/v2\/media\/15960"}],"wp:attachment":[{"href":"https:\/\/www.interreg-sverige-norge.com\/no\/wp-json\/wp\/v2\/media?parent=15942"}],"wp:term":[{"taxonomy":"category","embeddable":true,"href":"https:\/\/www.interreg-sverige-norge.com\/no\/wp-json\/wp\/v2\/categories?post=15942"},{"taxonomy":"post_tag","embeddable":true,"href":"https:\/\/www.interreg-sverige-norge.com\/no\/wp-json\/wp\/v2\/tags?post=15942"}],"curies":[{"name":"wp","href":"https:\/\/api.w.org\/{rel}","templated":true}]}}