{"id":15393,"date":"2025-06-04T15:31:23","date_gmt":"2025-06-04T13:31:23","guid":{"rendered":"https:\/\/www.interreg-sverige-norge.com\/digitalt-arrangement-om-sirkulaer-okonomi-11-juni\/"},"modified":"2025-06-04T16:08:22","modified_gmt":"2025-06-04T14:08:22","slug":"digitalt-arrangement-om-sirkulaer-okonomi-11-juni","status":"publish","type":"post","link":"https:\/\/www.interreg-sverige-norge.com\/no\/digitalt-arrangement-om-sirkulaer-okonomi-11-juni\/","title":{"rendered":"Digitalt arrangement om sirkul\u00e6r \u00f8konomi 11. juni"},"content":{"rendered":"\n<figure class=\"wp-block-image size-full is-resized\"><img fetchpriority=\"high\" decoding=\"async\" width=\"480\" height=\"640\" src=\"https:\/\/www.interreg-sverige-norge.com\/wp-content\/uploads\/Cykelhjul-blommor-Green-Week-2025-1.jpg\" alt=\"Rustent sykkelhjul med rose og lilla v&#xE5;rblomster i bakgrunnen\" class=\"wp-image-15385\" style=\"width:409px;height:auto\" srcset=\"https:\/\/www.interreg-sverige-norge.com\/wp-content\/uploads\/Cykelhjul-blommor-Green-Week-2025-1.jpg 480w, https:\/\/www.interreg-sverige-norge.com\/wp-content\/uploads\/Cykelhjul-blommor-Green-Week-2025-1-225x300.jpg 225w\" sizes=\"(max-width: 480px) 100vw, 480px\" \/><figcaption class=\"wp-element-caption\">Sirkul\u00e6r \u00f8konomi for konkurransekraft EU Green Week 2025<\/figcaption><\/figure>\n\n<p>Temaet for EU Green Week 2025 er sirkul\u00e6r \u00f8konomi, og et av Interreg Sverige-Norges spesifikke m\u00e5l er sirkul\u00e6r \u00f8konomi for en gr\u00f8nnere grenseregion. Hvordan bidrar Interreg til \u00e5 gj\u00f8re den europeiske \u00f8konomien renere, mer konkurransedyktig og mer sirkul\u00e6r?  <\/p>\n\n<p>EU Green Week 2025 \u00f8nsker deltakere fra Interreg-programmer og -prosjekter som arbeider med temaet sirkul\u00e6r \u00f8konomi, og alle som er interessert i \u00e5 vite mer om sirkul\u00e6re l\u00f8sninger utviklet av Interreg, velkommen.<\/p>\n\n<p>Seminaret starter med \u00e5 sette den strategiske og politiske konteksten, inkludert EUs regelverk og aktuelle muligheter, etterfulgt av en hovedpresentasjon som knytter politiske ambisjoner sammen med praktisk implementering. Seminaret avsluttes med en \u00e5pen diskusjon om hvordan Interregs innvirkning p\u00e5 den sirkul\u00e6re \u00f8konomien kan styrkes. <\/p>\n\n<p>Seminaret holdes p\u00e5 engelsk, og du kan registrere deg her:<\/p>\n\n<p>With the theme of this year&#8217;s edition of Green Week being &laquo;Circular Solutions for a Competitive EU&raquo;, we wanted to bring the spotlight on this prominent topic and show how Interreg is developing important solutions for territories thanks to territorial cooperation. We will do so with our webinar <a href=\"https:\/\/www.interact.eu\/events\/272\">Circular Solutions powered by Cooperation: Interreg\u2019s Role in Building a Competitive and Sustainable Europe<\/a> which will take place on Wednesday 11<sup>th<\/sup> June 10:00-12:30 CEST (agenda attached). If you have not registered yet, please join us, we will be glad to have you there!   <\/p>\n\n<p>As this webinar is open to any participant interested in circular economy, can you also kindly pass this invitation on to your circular economy project partners. <\/p>\n\n<p><\/p>\n","protected":false},"excerpt":{"rendered":"<p>Temaet for EU Green Week 2025 er sirkul\u00e6r \u00f8konomi, og et av Interreg Sverige-Norges spesifikke m\u00e5l er sirkul\u00e6r \u00f8konomi for en gr\u00f8nnere grenseregion. Hvordan bidrar Interreg til \u00e5 gj\u00f8re den europeiske \u00f8konomien renere, mer konkurransedyktig og mer sirkul\u00e6r? EU Green Week 2025 \u00f8nsker deltakere fra Interreg-programmer og -prosjekter som arbeider med temaet sirkul\u00e6r \u00f8konomi, og [&hellip;]<\/p>\n","protected":false},"author":11,"featured_media":15389,"comment_status":"closed","ping_status":"closed","sticky":false,"template":"","format":"standard","meta":{"_jf_schedule_form":"","_jf_limit_responses":"","footnotes":""},"categories":[145],"tags":[],"class_list":["post-15393","post","type-post","status-publish","format-standard","has-post-thumbnail","hentry","category-artikler"],"yoast_head":"<!-- This site is optimized with the Yoast SEO plugin v27.5 - https:\/\/yoast.com\/product\/yoast-seo-wordpress\/ -->\n<title>Digitalt arrangement om sirkul\u00e6r \u00f8konomi 11. juni - Interreg Sverige-Norge<\/title>\n<meta name=\"robots\" content=\"index, follow, max-snippet:-1, max-image-preview:large, max-video-preview:-1\" \/>\n<link rel=\"canonical\" href=\"https:\/\/www.interreg-sverige-norge.com\/no\/digitalt-arrangement-om-sirkulaer-okonomi-11-juni\/\" \/>\n<meta property=\"og:locale\" content=\"nb_NO\" \/>\n<meta property=\"og:type\" content=\"article\" \/>\n<meta property=\"og:title\" content=\"Digitalt arrangement om sirkul\u00e6r \u00f8konomi 11. juni - Interreg Sverige-Norge\" \/>\n<meta property=\"og:description\" content=\"Temaet for EU Green Week 2025 er sirkul\u00e6r \u00f8konomi, og et av Interreg Sverige-Norges spesifikke m\u00e5l er sirkul\u00e6r \u00f8konomi for en gr\u00f8nnere grenseregion. Hvordan bidrar Interreg til \u00e5 gj\u00f8re den europeiske \u00f8konomien renere, mer konkurransedyktig og mer sirkul\u00e6r? EU Green Week 2025 \u00f8nsker deltakere fra Interreg-programmer og -prosjekter som arbeider med temaet sirkul\u00e6r \u00f8konomi, og [&hellip;]\" \/>\n<meta property=\"og:url\" content=\"https:\/\/www.interreg-sverige-norge.com\/no\/digitalt-arrangement-om-sirkulaer-okonomi-11-juni\/\" \/>\n<meta property=\"og:site_name\" content=\"Interreg Sverige-Norge\" \/>\n<meta property=\"article:publisher\" content=\"https:\/\/www.facebook.com\/Interreg-Sverige-Norge-543432269147183\/\" \/>\n<meta property=\"article:published_time\" content=\"2025-06-04T13:31:23+00:00\" \/>\n<meta property=\"article:modified_time\" content=\"2025-06-04T14:08:22+00:00\" \/>\n<meta property=\"og:image\" content=\"https:\/\/www.interreg-sverige-norge.com\/wp-content\/uploads\/Kruka-med-varblommor.jpg\" \/>\n\t<meta property=\"og:image:width\" content=\"480\" \/>\n\t<meta property=\"og:image:height\" content=\"640\" \/>\n\t<meta property=\"og:image:type\" content=\"image\/jpeg\" \/>\n<meta name=\"author\" content=\"Annica Westerlund\" \/>\n<meta name=\"twitter:card\" content=\"summary_large_image\" \/>\n<meta name=\"twitter:label1\" content=\"Skrevet av\" \/>\n\t<meta name=\"twitter:data1\" content=\"Annica Westerlund\" \/>\n\t<meta name=\"twitter:label2\" content=\"Ansl. lesetid\" \/>\n\t<meta name=\"twitter:data2\" content=\"1 minutt\" \/>\n<script type=\"application\/ld+json\" class=\"yoast-schema-graph\">{\"@context\":\"https:\\\/\\\/schema.org\",\"@graph\":[{\"@type\":\"Article\",\"@id\":\"https:\\\/\\\/www.interreg-sverige-norge.com\\\/no\\\/digitalt-arrangement-om-sirkulaer-okonomi-11-juni\\\/#article\",\"isPartOf\":{\"@id\":\"https:\\\/\\\/www.interreg-sverige-norge.com\\\/no\\\/digitalt-arrangement-om-sirkulaer-okonomi-11-juni\\\/\"},\"author\":{\"name\":\"Annica Westerlund\",\"@id\":\"https:\\\/\\\/www.interreg-sverige-norge.com\\\/no\\\/#\\\/schema\\\/person\\\/e2b650a77559c664c41c4d33af832eec\"},\"headline\":\"Digitalt arrangement om sirkul\u00e6r \u00f8konomi 11. juni\",\"datePublished\":\"2025-06-04T13:31:23+00:00\",\"dateModified\":\"2025-06-04T14:08:22+00:00\",\"mainEntityOfPage\":{\"@id\":\"https:\\\/\\\/www.interreg-sverige-norge.com\\\/no\\\/digitalt-arrangement-om-sirkulaer-okonomi-11-juni\\\/\"},\"wordCount\":263,\"publisher\":{\"@id\":\"https:\\\/\\\/www.interreg-sverige-norge.com\\\/no\\\/#organization\"},\"image\":{\"@id\":\"https:\\\/\\\/www.interreg-sverige-norge.com\\\/no\\\/digitalt-arrangement-om-sirkulaer-okonomi-11-juni\\\/#primaryimage\"},\"thumbnailUrl\":\"https:\\\/\\\/www.interreg-sverige-norge.com\\\/wp-content\\\/uploads\\\/Kruka-med-varblommor.jpg\",\"articleSection\":[\"Artikler\"],\"inLanguage\":\"nb-NO\"},{\"@type\":\"WebPage\",\"@id\":\"https:\\\/\\\/www.interreg-sverige-norge.com\\\/no\\\/digitalt-arrangement-om-sirkulaer-okonomi-11-juni\\\/\",\"url\":\"https:\\\/\\\/www.interreg-sverige-norge.com\\\/no\\\/digitalt-arrangement-om-sirkulaer-okonomi-11-juni\\\/\",\"name\":\"Digitalt arrangement om sirkul\u00e6r \u00f8konomi 11. juni - Interreg Sverige-Norge\",\"isPartOf\":{\"@id\":\"https:\\\/\\\/www.interreg-sverige-norge.com\\\/no\\\/#website\"},\"primaryImageOfPage\":{\"@id\":\"https:\\\/\\\/www.interreg-sverige-norge.com\\\/no\\\/digitalt-arrangement-om-sirkulaer-okonomi-11-juni\\\/#primaryimage\"},\"image\":{\"@id\":\"https:\\\/\\\/www.interreg-sverige-norge.com\\\/no\\\/digitalt-arrangement-om-sirkulaer-okonomi-11-juni\\\/#primaryimage\"},\"thumbnailUrl\":\"https:\\\/\\\/www.interreg-sverige-norge.com\\\/wp-content\\\/uploads\\\/Kruka-med-varblommor.jpg\",\"datePublished\":\"2025-06-04T13:31:23+00:00\",\"dateModified\":\"2025-06-04T14:08:22+00:00\",\"breadcrumb\":{\"@id\":\"https:\\\/\\\/www.interreg-sverige-norge.com\\\/no\\\/digitalt-arrangement-om-sirkulaer-okonomi-11-juni\\\/#breadcrumb\"},\"inLanguage\":\"nb-NO\",\"potentialAction\":[{\"@type\":\"ReadAction\",\"target\":[\"https:\\\/\\\/www.interreg-sverige-norge.com\\\/no\\\/digitalt-arrangement-om-sirkulaer-okonomi-11-juni\\\/\"]}]},{\"@type\":\"ImageObject\",\"inLanguage\":\"nb-NO\",\"@id\":\"https:\\\/\\\/www.interreg-sverige-norge.com\\\/no\\\/digitalt-arrangement-om-sirkulaer-okonomi-11-juni\\\/#primaryimage\",\"url\":\"https:\\\/\\\/www.interreg-sverige-norge.com\\\/wp-content\\\/uploads\\\/Kruka-med-varblommor.jpg\",\"contentUrl\":\"https:\\\/\\\/www.interreg-sverige-norge.com\\\/wp-content\\\/uploads\\\/Kruka-med-varblommor.jpg\",\"width\":480,\"height\":640},{\"@type\":\"BreadcrumbList\",\"@id\":\"https:\\\/\\\/www.interreg-sverige-norge.com\\\/no\\\/digitalt-arrangement-om-sirkulaer-okonomi-11-juni\\\/#breadcrumb\",\"itemListElement\":[{\"@type\":\"ListItem\",\"position\":1,\"name\":\"Start\",\"item\":\"https:\\\/\\\/www.interreg-sverige-norge.com\\\/no\\\/\"},{\"@type\":\"ListItem\",\"position\":2,\"name\":\"Digitalt arrangement om sirkul\u00e6r \u00f8konomi 11. juni\"}]},{\"@type\":\"WebSite\",\"@id\":\"https:\\\/\\\/www.interreg-sverige-norge.com\\\/no\\\/#website\",\"url\":\"https:\\\/\\\/www.interreg-sverige-norge.com\\\/no\\\/\",\"name\":\"Interreg Sverige-Norge\",\"description\":\"\",\"publisher\":{\"@id\":\"https:\\\/\\\/www.interreg-sverige-norge.com\\\/no\\\/#organization\"},\"potentialAction\":[{\"@type\":\"SearchAction\",\"target\":{\"@type\":\"EntryPoint\",\"urlTemplate\":\"https:\\\/\\\/www.interreg-sverige-norge.com\\\/no\\\/?s={search_term_string}\"},\"query-input\":{\"@type\":\"PropertyValueSpecification\",\"valueRequired\":true,\"valueName\":\"search_term_string\"}}],\"inLanguage\":\"nb-NO\"},{\"@type\":\"Organization\",\"@id\":\"https:\\\/\\\/www.interreg-sverige-norge.com\\\/no\\\/#organization\",\"name\":\"Interreg Sverige\u2013Norge\",\"url\":\"https:\\\/\\\/www.interreg-sverige-norge.com\\\/no\\\/\",\"logo\":{\"@type\":\"ImageObject\",\"inLanguage\":\"nb-NO\",\"@id\":\"https:\\\/\\\/www.interreg-sverige-norge.com\\\/no\\\/#\\\/schema\\\/logo\\\/image\\\/\",\"url\":\"https:\\\/\\\/www.interreg-sverige-norge.com\\\/wp-content\\\/uploads\\\/Interreg-logo.svg\",\"contentUrl\":\"https:\\\/\\\/www.interreg-sverige-norge.com\\\/wp-content\\\/uploads\\\/Interreg-logo.svg\",\"width\":409,\"height\":91,\"caption\":\"Interreg Sverige\u2013Norge\"},\"image\":{\"@id\":\"https:\\\/\\\/www.interreg-sverige-norge.com\\\/no\\\/#\\\/schema\\\/logo\\\/image\\\/\"},\"sameAs\":[\"https:\\\/\\\/www.facebook.com\\\/Interreg-Sverige-Norge-543432269147183\\\/\",\"https:\\\/\\\/www.youtube.com\\\/channel\\\/UCkwTnZPG8RAJVCppT3vT1Eg\"]},{\"@type\":\"Person\",\"@id\":\"https:\\\/\\\/www.interreg-sverige-norge.com\\\/no\\\/#\\\/schema\\\/person\\\/e2b650a77559c664c41c4d33af832eec\",\"name\":\"Annica Westerlund\",\"image\":{\"@type\":\"ImageObject\",\"inLanguage\":\"nb-NO\",\"@id\":\"https:\\\/\\\/secure.gravatar.com\\\/avatar\\\/75137e127a61933ae4b0ac7d453610b288381888f92bc07761d377fa0268b288?s=96&d=mm&r=g\",\"url\":\"https:\\\/\\\/secure.gravatar.com\\\/avatar\\\/75137e127a61933ae4b0ac7d453610b288381888f92bc07761d377fa0268b288?s=96&d=mm&r=g\",\"contentUrl\":\"https:\\\/\\\/secure.gravatar.com\\\/avatar\\\/75137e127a61933ae4b0ac7d453610b288381888f92bc07761d377fa0268b288?s=96&d=mm&r=g\",\"caption\":\"Annica Westerlund\"}}]}<\/script>\n<!-- \/ Yoast SEO plugin. -->","yoast_head_json":{"title":"Digitalt arrangement om sirkul\u00e6r \u00f8konomi 11. juni - Interreg Sverige-Norge","robots":{"index":"index","follow":"follow","max-snippet":"max-snippet:-1","max-image-preview":"max-image-preview:large","max-video-preview":"max-video-preview:-1"},"canonical":"https:\/\/www.interreg-sverige-norge.com\/no\/digitalt-arrangement-om-sirkulaer-okonomi-11-juni\/","og_locale":"nb_NO","og_type":"article","og_title":"Digitalt arrangement om sirkul\u00e6r \u00f8konomi 11. juni - Interreg Sverige-Norge","og_description":"Temaet for EU Green Week 2025 er sirkul\u00e6r \u00f8konomi, og et av Interreg Sverige-Norges spesifikke m\u00e5l er sirkul\u00e6r \u00f8konomi for en gr\u00f8nnere grenseregion. Hvordan bidrar Interreg til \u00e5 gj\u00f8re den europeiske \u00f8konomien renere, mer konkurransedyktig og mer sirkul\u00e6r? EU Green Week 2025 \u00f8nsker deltakere fra Interreg-programmer og -prosjekter som arbeider med temaet sirkul\u00e6r \u00f8konomi, og [&hellip;]","og_url":"https:\/\/www.interreg-sverige-norge.com\/no\/digitalt-arrangement-om-sirkulaer-okonomi-11-juni\/","og_site_name":"Interreg Sverige-Norge","article_publisher":"https:\/\/www.facebook.com\/Interreg-Sverige-Norge-543432269147183\/","article_published_time":"2025-06-04T13:31:23+00:00","article_modified_time":"2025-06-04T14:08:22+00:00","og_image":[{"width":480,"height":640,"url":"https:\/\/www.interreg-sverige-norge.com\/wp-content\/uploads\/Kruka-med-varblommor.jpg","type":"image\/jpeg"}],"author":"Annica Westerlund","twitter_card":"summary_large_image","twitter_misc":{"Skrevet av":"Annica Westerlund","Ansl. lesetid":"1 minutt"},"schema":{"@context":"https:\/\/schema.org","@graph":[{"@type":"Article","@id":"https:\/\/www.interreg-sverige-norge.com\/no\/digitalt-arrangement-om-sirkulaer-okonomi-11-juni\/#article","isPartOf":{"@id":"https:\/\/www.interreg-sverige-norge.com\/no\/digitalt-arrangement-om-sirkulaer-okonomi-11-juni\/"},"author":{"name":"Annica Westerlund","@id":"https:\/\/www.interreg-sverige-norge.com\/no\/#\/schema\/person\/e2b650a77559c664c41c4d33af832eec"},"headline":"Digitalt arrangement om sirkul\u00e6r \u00f8konomi 11. juni","datePublished":"2025-06-04T13:31:23+00:00","dateModified":"2025-06-04T14:08:22+00:00","mainEntityOfPage":{"@id":"https:\/\/www.interreg-sverige-norge.com\/no\/digitalt-arrangement-om-sirkulaer-okonomi-11-juni\/"},"wordCount":263,"publisher":{"@id":"https:\/\/www.interreg-sverige-norge.com\/no\/#organization"},"image":{"@id":"https:\/\/www.interreg-sverige-norge.com\/no\/digitalt-arrangement-om-sirkulaer-okonomi-11-juni\/#primaryimage"},"thumbnailUrl":"https:\/\/www.interreg-sverige-norge.com\/wp-content\/uploads\/Kruka-med-varblommor.jpg","articleSection":["Artikler"],"inLanguage":"nb-NO"},{"@type":"WebPage","@id":"https:\/\/www.interreg-sverige-norge.com\/no\/digitalt-arrangement-om-sirkulaer-okonomi-11-juni\/","url":"https:\/\/www.interreg-sverige-norge.com\/no\/digitalt-arrangement-om-sirkulaer-okonomi-11-juni\/","name":"Digitalt arrangement om sirkul\u00e6r \u00f8konomi 11. juni - Interreg Sverige-Norge","isPartOf":{"@id":"https:\/\/www.interreg-sverige-norge.com\/no\/#website"},"primaryImageOfPage":{"@id":"https:\/\/www.interreg-sverige-norge.com\/no\/digitalt-arrangement-om-sirkulaer-okonomi-11-juni\/#primaryimage"},"image":{"@id":"https:\/\/www.interreg-sverige-norge.com\/no\/digitalt-arrangement-om-sirkulaer-okonomi-11-juni\/#primaryimage"},"thumbnailUrl":"https:\/\/www.interreg-sverige-norge.com\/wp-content\/uploads\/Kruka-med-varblommor.jpg","datePublished":"2025-06-04T13:31:23+00:00","dateModified":"2025-06-04T14:08:22+00:00","breadcrumb":{"@id":"https:\/\/www.interreg-sverige-norge.com\/no\/digitalt-arrangement-om-sirkulaer-okonomi-11-juni\/#breadcrumb"},"inLanguage":"nb-NO","potentialAction":[{"@type":"ReadAction","target":["https:\/\/www.interreg-sverige-norge.com\/no\/digitalt-arrangement-om-sirkulaer-okonomi-11-juni\/"]}]},{"@type":"ImageObject","inLanguage":"nb-NO","@id":"https:\/\/www.interreg-sverige-norge.com\/no\/digitalt-arrangement-om-sirkulaer-okonomi-11-juni\/#primaryimage","url":"https:\/\/www.interreg-sverige-norge.com\/wp-content\/uploads\/Kruka-med-varblommor.jpg","contentUrl":"https:\/\/www.interreg-sverige-norge.com\/wp-content\/uploads\/Kruka-med-varblommor.jpg","width":480,"height":640},{"@type":"BreadcrumbList","@id":"https:\/\/www.interreg-sverige-norge.com\/no\/digitalt-arrangement-om-sirkulaer-okonomi-11-juni\/#breadcrumb","itemListElement":[{"@type":"ListItem","position":1,"name":"Start","item":"https:\/\/www.interreg-sverige-norge.com\/no\/"},{"@type":"ListItem","position":2,"name":"Digitalt arrangement om sirkul\u00e6r \u00f8konomi 11. juni"}]},{"@type":"WebSite","@id":"https:\/\/www.interreg-sverige-norge.com\/no\/#website","url":"https:\/\/www.interreg-sverige-norge.com\/no\/","name":"Interreg Sverige-Norge","description":"","publisher":{"@id":"https:\/\/www.interreg-sverige-norge.com\/no\/#organization"},"potentialAction":[{"@type":"SearchAction","target":{"@type":"EntryPoint","urlTemplate":"https:\/\/www.interreg-sverige-norge.com\/no\/?s={search_term_string}"},"query-input":{"@type":"PropertyValueSpecification","valueRequired":true,"valueName":"search_term_string"}}],"inLanguage":"nb-NO"},{"@type":"Organization","@id":"https:\/\/www.interreg-sverige-norge.com\/no\/#organization","name":"Interreg Sverige\u2013Norge","url":"https:\/\/www.interreg-sverige-norge.com\/no\/","logo":{"@type":"ImageObject","inLanguage":"nb-NO","@id":"https:\/\/www.interreg-sverige-norge.com\/no\/#\/schema\/logo\/image\/","url":"https:\/\/www.interreg-sverige-norge.com\/wp-content\/uploads\/Interreg-logo.svg","contentUrl":"https:\/\/www.interreg-sverige-norge.com\/wp-content\/uploads\/Interreg-logo.svg","width":409,"height":91,"caption":"Interreg Sverige\u2013Norge"},"image":{"@id":"https:\/\/www.interreg-sverige-norge.com\/no\/#\/schema\/logo\/image\/"},"sameAs":["https:\/\/www.facebook.com\/Interreg-Sverige-Norge-543432269147183\/","https:\/\/www.youtube.com\/channel\/UCkwTnZPG8RAJVCppT3vT1Eg"]},{"@type":"Person","@id":"https:\/\/www.interreg-sverige-norge.com\/no\/#\/schema\/person\/e2b650a77559c664c41c4d33af832eec","name":"Annica Westerlund","image":{"@type":"ImageObject","inLanguage":"nb-NO","@id":"https:\/\/secure.gravatar.com\/avatar\/75137e127a61933ae4b0ac7d453610b288381888f92bc07761d377fa0268b288?s=96&d=mm&r=g","url":"https:\/\/secure.gravatar.com\/avatar\/75137e127a61933ae4b0ac7d453610b288381888f92bc07761d377fa0268b288?s=96&d=mm&r=g","contentUrl":"https:\/\/secure.gravatar.com\/avatar\/75137e127a61933ae4b0ac7d453610b288381888f92bc07761d377fa0268b288?s=96&d=mm&r=g","caption":"Annica Westerlund"}}]}},"_links":{"self":[{"href":"https:\/\/www.interreg-sverige-norge.com\/no\/wp-json\/wp\/v2\/posts\/15393","targetHints":{"allow":["GET"]}}],"collection":[{"href":"https:\/\/www.interreg-sverige-norge.com\/no\/wp-json\/wp\/v2\/posts"}],"about":[{"href":"https:\/\/www.interreg-sverige-norge.com\/no\/wp-json\/wp\/v2\/types\/post"}],"author":[{"embeddable":true,"href":"https:\/\/www.interreg-sverige-norge.com\/no\/wp-json\/wp\/v2\/users\/11"}],"replies":[{"embeddable":true,"href":"https:\/\/www.interreg-sverige-norge.com\/no\/wp-json\/wp\/v2\/comments?post=15393"}],"version-history":[{"count":1,"href":"https:\/\/www.interreg-sverige-norge.com\/no\/wp-json\/wp\/v2\/posts\/15393\/revisions"}],"predecessor-version":[{"id":15394,"href":"https:\/\/www.interreg-sverige-norge.com\/no\/wp-json\/wp\/v2\/posts\/15393\/revisions\/15394"}],"wp:featuredmedia":[{"embeddable":true,"href":"https:\/\/www.interreg-sverige-norge.com\/no\/wp-json\/wp\/v2\/media\/15389"}],"wp:attachment":[{"href":"https:\/\/www.interreg-sverige-norge.com\/no\/wp-json\/wp\/v2\/media?parent=15393"}],"wp:term":[{"taxonomy":"category","embeddable":true,"href":"https:\/\/www.interreg-sverige-norge.com\/no\/wp-json\/wp\/v2\/categories?post=15393"},{"taxonomy":"post_tag","embeddable":true,"href":"https:\/\/www.interreg-sverige-norge.com\/no\/wp-json\/wp\/v2\/tags?post=15393"}],"curies":[{"name":"wp","href":"https:\/\/api.w.org\/{rel}","templated":true}]}}