{"id":15348,"date":"2025-07-08T20:00:00","date_gmt":"2025-07-08T18:00:00","guid":{"rendered":"https:\/\/www.interreg-sverige-norge.com\/?p=15348"},"modified":"2025-09-12T13:07:17","modified_gmt":"2025-09-12T11:07:17","slug":"__trashed","status":"publish","type":"post","link":"https:\/\/www.interreg-sverige-norge.com\/no\/__trashed\/","title":{"rendered":"Fra skog til framtid \u2013 slik skal grensel\u00f8s arbeidskraft redde skogn\u00e6ringen"},"content":{"rendered":"\n<p>Et nytt samarbeid mellom Norge og Sverige skal gj\u00f8re skogbruket mer attraktivt for unge, kvinner og mangfoldige grupper. Prosjektet \u00abGrensel\u00f8s arbeidskraft til skogs\u00bb kombinerer teknologi, utdanning og praksis for \u00e5 m\u00f8te det akutte behovet for arbeidskraft i grenseskogene \u2013 og bygger et felles arbeidsmarked p\u00e5 tvers av landegrensene.<\/p>\n\n\n\n<h2 class=\"wp-block-heading\"><strong><strong>Et akutt behov for folk i skogen<\/strong><\/strong><\/h2>\n\n\n\n<p>I skogene mellom Innlandet, V\u00e4rmland og Dalarna roper bedriftene etter folk. Skogbruket st\u00e5r overfor en rekrutteringskrise: De neste 3 til 10 \u00e5rene vil behovet for kompetent arbeidskraft \u00f8ke drastisk. Det mangler ikke bare skogsmaskinf\u00f8rere, men ogs\u00e5 skogmestere, lastebilsj\u00e5f\u00f8rer og yrkesfagl\u00e6rere. Dette gjelder spesielt i sm\u00e5 og mellomstore bedrifter \u2013 ryggraden i skogsn\u00e6ringen.<\/p>\n\n\n\n<p>Samtidig er kj\u00f8nnsfordelingen skjev. Menn dominerer, s\u00e6rlig i privat sektor. Skal n\u00e6ringen overleve, m\u00e5 nye grupper f\u00e5 \u00f8ynene opp for skogens mange muligheter. Flere kvinner, unge og personer med ulik bakgrunn m\u00e5 kjenne seg velkomne \u2013 og f\u00e5 sjansen til \u00e5 bidra.<\/p>\n\n\n\n<figure class=\"wp-block-image size-large\"><img fetchpriority=\"high\" decoding=\"async\" width=\"851\" height=\"1024\" src=\"https:\/\/www.interreg-sverige-norge.com\/wp-content\/uploads\/Ungdom-i-arbeid-Grenselos-arbeidskraft-Frida-Nilsson-851x1024.jpg\" alt=\"\" class=\"wp-image-15353\" srcset=\"https:\/\/www.interreg-sverige-norge.com\/wp-content\/uploads\/Ungdom-i-arbeid-Grenselos-arbeidskraft-Frida-Nilsson-851x1024.jpg 851w, https:\/\/www.interreg-sverige-norge.com\/wp-content\/uploads\/Ungdom-i-arbeid-Grenselos-arbeidskraft-Frida-Nilsson-249x300.jpg 249w, https:\/\/www.interreg-sverige-norge.com\/wp-content\/uploads\/Ungdom-i-arbeid-Grenselos-arbeidskraft-Frida-Nilsson-768x924.jpg 768w, https:\/\/www.interreg-sverige-norge.com\/wp-content\/uploads\/Ungdom-i-arbeid-Grenselos-arbeidskraft-Frida-Nilsson.jpg 943w\" sizes=\"(max-width: 851px) 100vw, 851px\" \/><figcaption class=\"wp-element-caption\">Ungdom i arbeid \u2013 Foto: Frida Nilsson<\/figcaption><\/figure>\n\n\n\n<h2 class=\"wp-block-heading\"><strong><strong>Ungdom i arbeid \u2013 og fremtidens skogarbeidere<\/strong><\/strong><\/h2>\n\n\n\n<p>Prosjektet \u00ab<a href=\"https:\/\/www.interreg-sverige-norge.com\/no\/projekt\/grensel%c3%b8s-arbetskraft-till-skogs\/\" target=\"_blank\" rel=\"noreferrer noopener\">Grensel\u00f8s arbeidskraft til skogs<\/a>\u00bb setter ideene ut i livet. Sommeren 2025 f\u00e5r ungdom i Torsby og Malung-S\u00e4len pr\u00f8ve seg som skogsarbeidere. De f\u00e5r l\u00f8nn, oppl\u00e6ring og praktisk erfaring i skj\u00f8tsel og rydding \u2013 og bes\u00f8ker bedrifter for \u00e5 l\u00e6re mer. F\u00f8rst utdannes arbeidsledere, som deretter l\u00e6rer opp ungdommene. Etter sommerjobben f\u00f8lger etterarbeid for \u00e5 sikre kvalitet og l\u00e6ring.<\/p>\n\n\n\n<p>Form\u00e5let er klart: Flere unge skal bli inspirert til \u00e5 velge en yrkesvei i skogbruket. Lokale medier inviteres inn for \u00e5 spre historiene \u2013 og kanskje tenner \u00e9n avisartikkel en gnist hos en fremtidig skogsmester.<\/p>\n\n\n\n<p>Prosjektet f\u00e5r st\u00f8tte fra&nbsp;<a href=\"https:\/\/interreg.no\/interreg-sverige-norge\/\" target=\"_blank\" rel=\"noreferrer noopener\">Interreg Sverige-Norge<\/a>.<\/p>\n\n\n\n<div class=\"wp-block-columns is-layout-flex wp-container-core-columns-is-layout-28f84493 wp-block-columns-is-layout-flex\">\n<div class=\"wp-block-column is-layout-flow wp-block-column-is-layout-flow\">\n<figure class=\"wp-block-image size-full\"><img decoding=\"async\" width=\"600\" height=\"600\" src=\"https:\/\/www.interreg-sverige-norge.com\/wp-content\/uploads\/Bjorn-Helge-Bjornstad-Skogkurs.png\" alt=\"\" class=\"wp-image-15355\" srcset=\"https:\/\/www.interreg-sverige-norge.com\/wp-content\/uploads\/Bjorn-Helge-Bjornstad-Skogkurs.png 600w, https:\/\/www.interreg-sverige-norge.com\/wp-content\/uploads\/Bjorn-Helge-Bjornstad-Skogkurs-300x300.png 300w, https:\/\/www.interreg-sverige-norge.com\/wp-content\/uploads\/Bjorn-Helge-Bjornstad-Skogkurs-150x150.png 150w\" sizes=\"(max-width: 600px) 100vw, 600px\" \/><figcaption class=\"wp-element-caption\">Norsk prosjektleder for Grensel\u00f8s arbeidskraft til skogs, Bj\u00f8rn Helge Bj\u00f8rnstad i Skogkurs. Foto: Skogkurs<\/figcaption><\/figure>\n<\/div>\n\n\n\n<div class=\"wp-block-column is-vertically-aligned-center is-layout-flow wp-block-column-is-layout-flow\">\n<p><em>&#8216;<strong><strong>Skogbruket trenger mangfold for \u00e5 vokse. N\u00e5r ungdom, kvinner og nye grupper f\u00e5r pr\u00f8ve seg i skogen, f\u00e5r hele bransjen ny kraft, sier norsk prosjektleder Bj\u00f8rn Helge Bj\u00f8rnstad i Skogkurs.<\/strong><\/strong>&#8216;<\/em><\/p>\n<\/div>\n<\/div>\n\n\n\n<p>Les mer om prosjektet i v\u00e5r <a href=\"https:\/\/www.interreg-sverige-norge.com\/projekt\/design-konst-och-arkitektur-som-reseanledning\/\">prosjektbank<\/a>. <\/p>\n\n\n\n<p><i>Forfatter: Liv Randi Lindseth <br>Denne artikkelen var f\u00f8rst publisert p\u00e5 <\/i><a style=\"font-style: italic;\" href=\"https:\/\/interreg.no\/\" data-type=\"link\" data-id=\"https:\/\/interreg.no\/\">interreg.no<\/a>. <\/p>\n\n\n\n<p><\/p>\n","protected":false},"excerpt":{"rendered":"<p>Et nytt samarbeid mellom Norge og Sverige skal gj\u00f8re skogbruket mer attraktivt for unge, kvinner og mangfoldige grupper. Prosjektet \u00abGrensel\u00f8s arbeidskraft til skogs\u00bb kombinerer teknologi, utdanning og praksis for \u00e5 m\u00f8te det akutte behovet for arbeidskraft i grenseskogene \u2013 og bygger et felles arbeidsmarked p\u00e5 tvers av landegrensene. Et akutt behov for folk i skogen [&hellip;]<\/p>\n","protected":false},"author":21,"featured_media":15351,"comment_status":"closed","ping_status":"closed","sticky":false,"template":"","format":"standard","meta":{"_jf_schedule_form":"","_jf_limit_responses":"","footnotes":""},"categories":[24,145],"tags":[],"class_list":["post-15348","post","type-post","status-publish","format-standard","has-post-thumbnail","hentry","category-aktuellt","category-artikler"],"yoast_head":"<!-- This site is optimized with the Yoast SEO plugin v27.5 - https:\/\/yoast.com\/product\/yoast-seo-wordpress\/ -->\n<title>Fra skog til framtid \u2013 slik skal grensel\u00f8s arbeidskraft redde skogn\u00e6ringen - Interreg Sverige-Norge<\/title>\n<meta name=\"robots\" content=\"index, follow, max-snippet:-1, max-image-preview:large, max-video-preview:-1\" \/>\n<link rel=\"canonical\" href=\"https:\/\/www.interreg-sverige-norge.com\/no\/__trashed\/\" \/>\n<meta property=\"og:locale\" content=\"nb_NO\" \/>\n<meta property=\"og:type\" content=\"article\" \/>\n<meta property=\"og:title\" content=\"Fra skog til framtid \u2013 slik skal grensel\u00f8s arbeidskraft redde skogn\u00e6ringen - Interreg Sverige-Norge\" \/>\n<meta property=\"og:description\" content=\"Et nytt samarbeid mellom Norge og Sverige skal gj\u00f8re skogbruket mer attraktivt for unge, kvinner og mangfoldige grupper. Prosjektet \u00abGrensel\u00f8s arbeidskraft til skogs\u00bb kombinerer teknologi, utdanning og praksis for \u00e5 m\u00f8te det akutte behovet for arbeidskraft i grenseskogene \u2013 og bygger et felles arbeidsmarked p\u00e5 tvers av landegrensene. Et akutt behov for folk i skogen [&hellip;]\" \/>\n<meta property=\"og:url\" content=\"https:\/\/www.interreg-sverige-norge.com\/no\/__trashed\/\" \/>\n<meta property=\"og:site_name\" content=\"Interreg Sverige-Norge\" \/>\n<meta property=\"article:publisher\" content=\"https:\/\/www.facebook.com\/Interreg-Sverige-Norge-543432269147183\/\" \/>\n<meta property=\"article:published_time\" content=\"2025-07-08T18:00:00+00:00\" \/>\n<meta property=\"article:modified_time\" content=\"2025-09-12T11:07:17+00:00\" \/>\n<meta property=\"og:image\" content=\"https:\/\/www.interreg-sverige-norge.com\/wp-content\/uploads\/Grenselos-arbeidskraft-Ungdommer-Frida-Nilsson-1000x750-1.jpg\" \/>\n\t<meta property=\"og:image:width\" content=\"1000\" \/>\n\t<meta property=\"og:image:height\" content=\"750\" \/>\n\t<meta property=\"og:image:type\" content=\"image\/jpeg\" \/>\n<meta name=\"author\" content=\"Marie Bohman L\u00e5te\" \/>\n<meta name=\"twitter:card\" content=\"summary_large_image\" \/>\n<meta name=\"twitter:label1\" content=\"Skrevet av\" \/>\n\t<meta name=\"twitter:data1\" content=\"Marie Bohman L\u00e5te\" \/>\n\t<meta name=\"twitter:label2\" content=\"Ansl. lesetid\" \/>\n\t<meta name=\"twitter:data2\" content=\"2 minutter\" \/>\n<script type=\"application\/ld+json\" class=\"yoast-schema-graph\">{\"@context\":\"https:\\\/\\\/schema.org\",\"@graph\":[{\"@type\":\"Article\",\"@id\":\"https:\\\/\\\/www.interreg-sverige-norge.com\\\/no\\\/__trashed\\\/#article\",\"isPartOf\":{\"@id\":\"https:\\\/\\\/www.interreg-sverige-norge.com\\\/no\\\/__trashed\\\/\"},\"author\":{\"name\":\"Marie Bohman L\u00e5te\",\"@id\":\"https:\\\/\\\/www.interreg-sverige-norge.com\\\/no\\\/#\\\/schema\\\/person\\\/7d330759cf4ffb221df5697087f1f836\"},\"headline\":\"Fra skog til framtid \u2013 slik skal grensel\u00f8s arbeidskraft redde skogn\u00e6ringen\",\"datePublished\":\"2025-07-08T18:00:00+00:00\",\"dateModified\":\"2025-09-12T11:07:17+00:00\",\"mainEntityOfPage\":{\"@id\":\"https:\\\/\\\/www.interreg-sverige-norge.com\\\/no\\\/__trashed\\\/\"},\"wordCount\":363,\"publisher\":{\"@id\":\"https:\\\/\\\/www.interreg-sverige-norge.com\\\/no\\\/#organization\"},\"image\":{\"@id\":\"https:\\\/\\\/www.interreg-sverige-norge.com\\\/no\\\/__trashed\\\/#primaryimage\"},\"thumbnailUrl\":\"https:\\\/\\\/www.interreg-sverige-norge.com\\\/wp-content\\\/uploads\\\/Grenselos-arbeidskraft-Ungdommer-Frida-Nilsson-1000x750-1.jpg\",\"articleSection\":[\"Artiklar\",\"Artikler\"],\"inLanguage\":\"nb-NO\"},{\"@type\":\"WebPage\",\"@id\":\"https:\\\/\\\/www.interreg-sverige-norge.com\\\/no\\\/__trashed\\\/\",\"url\":\"https:\\\/\\\/www.interreg-sverige-norge.com\\\/no\\\/__trashed\\\/\",\"name\":\"Fra skog til framtid \u2013 slik skal grensel\u00f8s arbeidskraft redde skogn\u00e6ringen - Interreg Sverige-Norge\",\"isPartOf\":{\"@id\":\"https:\\\/\\\/www.interreg-sverige-norge.com\\\/no\\\/#website\"},\"primaryImageOfPage\":{\"@id\":\"https:\\\/\\\/www.interreg-sverige-norge.com\\\/no\\\/__trashed\\\/#primaryimage\"},\"image\":{\"@id\":\"https:\\\/\\\/www.interreg-sverige-norge.com\\\/no\\\/__trashed\\\/#primaryimage\"},\"thumbnailUrl\":\"https:\\\/\\\/www.interreg-sverige-norge.com\\\/wp-content\\\/uploads\\\/Grenselos-arbeidskraft-Ungdommer-Frida-Nilsson-1000x750-1.jpg\",\"datePublished\":\"2025-07-08T18:00:00+00:00\",\"dateModified\":\"2025-09-12T11:07:17+00:00\",\"breadcrumb\":{\"@id\":\"https:\\\/\\\/www.interreg-sverige-norge.com\\\/no\\\/__trashed\\\/#breadcrumb\"},\"inLanguage\":\"nb-NO\",\"potentialAction\":[{\"@type\":\"ReadAction\",\"target\":[\"https:\\\/\\\/www.interreg-sverige-norge.com\\\/no\\\/__trashed\\\/\"]}]},{\"@type\":\"ImageObject\",\"inLanguage\":\"nb-NO\",\"@id\":\"https:\\\/\\\/www.interreg-sverige-norge.com\\\/no\\\/__trashed\\\/#primaryimage\",\"url\":\"https:\\\/\\\/www.interreg-sverige-norge.com\\\/wp-content\\\/uploads\\\/Grenselos-arbeidskraft-Ungdommer-Frida-Nilsson-1000x750-1.jpg\",\"contentUrl\":\"https:\\\/\\\/www.interreg-sverige-norge.com\\\/wp-content\\\/uploads\\\/Grenselos-arbeidskraft-Ungdommer-Frida-Nilsson-1000x750-1.jpg\",\"width\":1000,\"height\":750},{\"@type\":\"BreadcrumbList\",\"@id\":\"https:\\\/\\\/www.interreg-sverige-norge.com\\\/no\\\/__trashed\\\/#breadcrumb\",\"itemListElement\":[{\"@type\":\"ListItem\",\"position\":1,\"name\":\"Start\",\"item\":\"https:\\\/\\\/www.interreg-sverige-norge.com\\\/no\\\/\"},{\"@type\":\"ListItem\",\"position\":2,\"name\":\"Artikler\",\"item\":\"https:\\\/\\\/www.interreg-sverige-norge.com\\\/no\\\/category\\\/artikler\\\/\"},{\"@type\":\"ListItem\",\"position\":3,\"name\":\"Fra skog til framtid \u2013 slik skal grensel\u00f8s arbeidskraft redde skogn\u00e6ringen\"}]},{\"@type\":\"WebSite\",\"@id\":\"https:\\\/\\\/www.interreg-sverige-norge.com\\\/no\\\/#website\",\"url\":\"https:\\\/\\\/www.interreg-sverige-norge.com\\\/no\\\/\",\"name\":\"Interreg Sverige-Norge\",\"description\":\"\",\"publisher\":{\"@id\":\"https:\\\/\\\/www.interreg-sverige-norge.com\\\/no\\\/#organization\"},\"potentialAction\":[{\"@type\":\"SearchAction\",\"target\":{\"@type\":\"EntryPoint\",\"urlTemplate\":\"https:\\\/\\\/www.interreg-sverige-norge.com\\\/no\\\/?s={search_term_string}\"},\"query-input\":{\"@type\":\"PropertyValueSpecification\",\"valueRequired\":true,\"valueName\":\"search_term_string\"}}],\"inLanguage\":\"nb-NO\"},{\"@type\":\"Organization\",\"@id\":\"https:\\\/\\\/www.interreg-sverige-norge.com\\\/no\\\/#organization\",\"name\":\"Interreg Sverige\u2013Norge\",\"url\":\"https:\\\/\\\/www.interreg-sverige-norge.com\\\/no\\\/\",\"logo\":{\"@type\":\"ImageObject\",\"inLanguage\":\"nb-NO\",\"@id\":\"https:\\\/\\\/www.interreg-sverige-norge.com\\\/no\\\/#\\\/schema\\\/logo\\\/image\\\/\",\"url\":\"https:\\\/\\\/www.interreg-sverige-norge.com\\\/wp-content\\\/uploads\\\/Interreg-logo.svg\",\"contentUrl\":\"https:\\\/\\\/www.interreg-sverige-norge.com\\\/wp-content\\\/uploads\\\/Interreg-logo.svg\",\"width\":409,\"height\":91,\"caption\":\"Interreg Sverige\u2013Norge\"},\"image\":{\"@id\":\"https:\\\/\\\/www.interreg-sverige-norge.com\\\/no\\\/#\\\/schema\\\/logo\\\/image\\\/\"},\"sameAs\":[\"https:\\\/\\\/www.facebook.com\\\/Interreg-Sverige-Norge-543432269147183\\\/\",\"https:\\\/\\\/www.youtube.com\\\/channel\\\/UCkwTnZPG8RAJVCppT3vT1Eg\"]},{\"@type\":\"Person\",\"@id\":\"https:\\\/\\\/www.interreg-sverige-norge.com\\\/no\\\/#\\\/schema\\\/person\\\/7d330759cf4ffb221df5697087f1f836\",\"name\":\"Marie Bohman L\u00e5te\",\"image\":{\"@type\":\"ImageObject\",\"inLanguage\":\"nb-NO\",\"@id\":\"https:\\\/\\\/secure.gravatar.com\\\/avatar\\\/5865f9e965d2628d6c3f81802c209f79471b2ab591b4001ad61f33cfa8ddb41c?s=96&d=mm&r=g\",\"url\":\"https:\\\/\\\/secure.gravatar.com\\\/avatar\\\/5865f9e965d2628d6c3f81802c209f79471b2ab591b4001ad61f33cfa8ddb41c?s=96&d=mm&r=g\",\"contentUrl\":\"https:\\\/\\\/secure.gravatar.com\\\/avatar\\\/5865f9e965d2628d6c3f81802c209f79471b2ab591b4001ad61f33cfa8ddb41c?s=96&d=mm&r=g\",\"caption\":\"Marie Bohman L\u00e5te\"},\"sameAs\":[\"https:\\\/\\\/www.interreg-sverige-norge.com\\\/\"]}]}<\/script>\n<!-- \/ Yoast SEO plugin. -->","yoast_head_json":{"title":"Fra skog til framtid \u2013 slik skal grensel\u00f8s arbeidskraft redde skogn\u00e6ringen - Interreg Sverige-Norge","robots":{"index":"index","follow":"follow","max-snippet":"max-snippet:-1","max-image-preview":"max-image-preview:large","max-video-preview":"max-video-preview:-1"},"canonical":"https:\/\/www.interreg-sverige-norge.com\/no\/__trashed\/","og_locale":"nb_NO","og_type":"article","og_title":"Fra skog til framtid \u2013 slik skal grensel\u00f8s arbeidskraft redde skogn\u00e6ringen - Interreg Sverige-Norge","og_description":"Et nytt samarbeid mellom Norge og Sverige skal gj\u00f8re skogbruket mer attraktivt for unge, kvinner og mangfoldige grupper. Prosjektet \u00abGrensel\u00f8s arbeidskraft til skogs\u00bb kombinerer teknologi, utdanning og praksis for \u00e5 m\u00f8te det akutte behovet for arbeidskraft i grenseskogene \u2013 og bygger et felles arbeidsmarked p\u00e5 tvers av landegrensene. Et akutt behov for folk i skogen [&hellip;]","og_url":"https:\/\/www.interreg-sverige-norge.com\/no\/__trashed\/","og_site_name":"Interreg Sverige-Norge","article_publisher":"https:\/\/www.facebook.com\/Interreg-Sverige-Norge-543432269147183\/","article_published_time":"2025-07-08T18:00:00+00:00","article_modified_time":"2025-09-12T11:07:17+00:00","og_image":[{"width":1000,"height":750,"url":"https:\/\/www.interreg-sverige-norge.com\/wp-content\/uploads\/Grenselos-arbeidskraft-Ungdommer-Frida-Nilsson-1000x750-1.jpg","type":"image\/jpeg"}],"author":"Marie Bohman L\u00e5te","twitter_card":"summary_large_image","twitter_misc":{"Skrevet av":"Marie Bohman L\u00e5te","Ansl. lesetid":"2 minutter"},"schema":{"@context":"https:\/\/schema.org","@graph":[{"@type":"Article","@id":"https:\/\/www.interreg-sverige-norge.com\/no\/__trashed\/#article","isPartOf":{"@id":"https:\/\/www.interreg-sverige-norge.com\/no\/__trashed\/"},"author":{"name":"Marie Bohman L\u00e5te","@id":"https:\/\/www.interreg-sverige-norge.com\/no\/#\/schema\/person\/7d330759cf4ffb221df5697087f1f836"},"headline":"Fra skog til framtid \u2013 slik skal grensel\u00f8s arbeidskraft redde skogn\u00e6ringen","datePublished":"2025-07-08T18:00:00+00:00","dateModified":"2025-09-12T11:07:17+00:00","mainEntityOfPage":{"@id":"https:\/\/www.interreg-sverige-norge.com\/no\/__trashed\/"},"wordCount":363,"publisher":{"@id":"https:\/\/www.interreg-sverige-norge.com\/no\/#organization"},"image":{"@id":"https:\/\/www.interreg-sverige-norge.com\/no\/__trashed\/#primaryimage"},"thumbnailUrl":"https:\/\/www.interreg-sverige-norge.com\/wp-content\/uploads\/Grenselos-arbeidskraft-Ungdommer-Frida-Nilsson-1000x750-1.jpg","articleSection":["Artiklar","Artikler"],"inLanguage":"nb-NO"},{"@type":"WebPage","@id":"https:\/\/www.interreg-sverige-norge.com\/no\/__trashed\/","url":"https:\/\/www.interreg-sverige-norge.com\/no\/__trashed\/","name":"Fra skog til framtid \u2013 slik skal grensel\u00f8s arbeidskraft redde skogn\u00e6ringen - Interreg Sverige-Norge","isPartOf":{"@id":"https:\/\/www.interreg-sverige-norge.com\/no\/#website"},"primaryImageOfPage":{"@id":"https:\/\/www.interreg-sverige-norge.com\/no\/__trashed\/#primaryimage"},"image":{"@id":"https:\/\/www.interreg-sverige-norge.com\/no\/__trashed\/#primaryimage"},"thumbnailUrl":"https:\/\/www.interreg-sverige-norge.com\/wp-content\/uploads\/Grenselos-arbeidskraft-Ungdommer-Frida-Nilsson-1000x750-1.jpg","datePublished":"2025-07-08T18:00:00+00:00","dateModified":"2025-09-12T11:07:17+00:00","breadcrumb":{"@id":"https:\/\/www.interreg-sverige-norge.com\/no\/__trashed\/#breadcrumb"},"inLanguage":"nb-NO","potentialAction":[{"@type":"ReadAction","target":["https:\/\/www.interreg-sverige-norge.com\/no\/__trashed\/"]}]},{"@type":"ImageObject","inLanguage":"nb-NO","@id":"https:\/\/www.interreg-sverige-norge.com\/no\/__trashed\/#primaryimage","url":"https:\/\/www.interreg-sverige-norge.com\/wp-content\/uploads\/Grenselos-arbeidskraft-Ungdommer-Frida-Nilsson-1000x750-1.jpg","contentUrl":"https:\/\/www.interreg-sverige-norge.com\/wp-content\/uploads\/Grenselos-arbeidskraft-Ungdommer-Frida-Nilsson-1000x750-1.jpg","width":1000,"height":750},{"@type":"BreadcrumbList","@id":"https:\/\/www.interreg-sverige-norge.com\/no\/__trashed\/#breadcrumb","itemListElement":[{"@type":"ListItem","position":1,"name":"Start","item":"https:\/\/www.interreg-sverige-norge.com\/no\/"},{"@type":"ListItem","position":2,"name":"Artikler","item":"https:\/\/www.interreg-sverige-norge.com\/no\/category\/artikler\/"},{"@type":"ListItem","position":3,"name":"Fra skog til framtid \u2013 slik skal grensel\u00f8s arbeidskraft redde skogn\u00e6ringen"}]},{"@type":"WebSite","@id":"https:\/\/www.interreg-sverige-norge.com\/no\/#website","url":"https:\/\/www.interreg-sverige-norge.com\/no\/","name":"Interreg Sverige-Norge","description":"","publisher":{"@id":"https:\/\/www.interreg-sverige-norge.com\/no\/#organization"},"potentialAction":[{"@type":"SearchAction","target":{"@type":"EntryPoint","urlTemplate":"https:\/\/www.interreg-sverige-norge.com\/no\/?s={search_term_string}"},"query-input":{"@type":"PropertyValueSpecification","valueRequired":true,"valueName":"search_term_string"}}],"inLanguage":"nb-NO"},{"@type":"Organization","@id":"https:\/\/www.interreg-sverige-norge.com\/no\/#organization","name":"Interreg Sverige\u2013Norge","url":"https:\/\/www.interreg-sverige-norge.com\/no\/","logo":{"@type":"ImageObject","inLanguage":"nb-NO","@id":"https:\/\/www.interreg-sverige-norge.com\/no\/#\/schema\/logo\/image\/","url":"https:\/\/www.interreg-sverige-norge.com\/wp-content\/uploads\/Interreg-logo.svg","contentUrl":"https:\/\/www.interreg-sverige-norge.com\/wp-content\/uploads\/Interreg-logo.svg","width":409,"height":91,"caption":"Interreg Sverige\u2013Norge"},"image":{"@id":"https:\/\/www.interreg-sverige-norge.com\/no\/#\/schema\/logo\/image\/"},"sameAs":["https:\/\/www.facebook.com\/Interreg-Sverige-Norge-543432269147183\/","https:\/\/www.youtube.com\/channel\/UCkwTnZPG8RAJVCppT3vT1Eg"]},{"@type":"Person","@id":"https:\/\/www.interreg-sverige-norge.com\/no\/#\/schema\/person\/7d330759cf4ffb221df5697087f1f836","name":"Marie Bohman L\u00e5te","image":{"@type":"ImageObject","inLanguage":"nb-NO","@id":"https:\/\/secure.gravatar.com\/avatar\/5865f9e965d2628d6c3f81802c209f79471b2ab591b4001ad61f33cfa8ddb41c?s=96&d=mm&r=g","url":"https:\/\/secure.gravatar.com\/avatar\/5865f9e965d2628d6c3f81802c209f79471b2ab591b4001ad61f33cfa8ddb41c?s=96&d=mm&r=g","contentUrl":"https:\/\/secure.gravatar.com\/avatar\/5865f9e965d2628d6c3f81802c209f79471b2ab591b4001ad61f33cfa8ddb41c?s=96&d=mm&r=g","caption":"Marie Bohman L\u00e5te"},"sameAs":["https:\/\/www.interreg-sverige-norge.com\/"]}]}},"_links":{"self":[{"href":"https:\/\/www.interreg-sverige-norge.com\/no\/wp-json\/wp\/v2\/posts\/15348","targetHints":{"allow":["GET"]}}],"collection":[{"href":"https:\/\/www.interreg-sverige-norge.com\/no\/wp-json\/wp\/v2\/posts"}],"about":[{"href":"https:\/\/www.interreg-sverige-norge.com\/no\/wp-json\/wp\/v2\/types\/post"}],"author":[{"embeddable":true,"href":"https:\/\/www.interreg-sverige-norge.com\/no\/wp-json\/wp\/v2\/users\/21"}],"replies":[{"embeddable":true,"href":"https:\/\/www.interreg-sverige-norge.com\/no\/wp-json\/wp\/v2\/comments?post=15348"}],"version-history":[{"count":4,"href":"https:\/\/www.interreg-sverige-norge.com\/no\/wp-json\/wp\/v2\/posts\/15348\/revisions"}],"predecessor-version":[{"id":15358,"href":"https:\/\/www.interreg-sverige-norge.com\/no\/wp-json\/wp\/v2\/posts\/15348\/revisions\/15358"}],"wp:featuredmedia":[{"embeddable":true,"href":"https:\/\/www.interreg-sverige-norge.com\/no\/wp-json\/wp\/v2\/media\/15351"}],"wp:attachment":[{"href":"https:\/\/www.interreg-sverige-norge.com\/no\/wp-json\/wp\/v2\/media?parent=15348"}],"wp:term":[{"taxonomy":"category","embeddable":true,"href":"https:\/\/www.interreg-sverige-norge.com\/no\/wp-json\/wp\/v2\/categories?post=15348"},{"taxonomy":"post_tag","embeddable":true,"href":"https:\/\/www.interreg-sverige-norge.com\/no\/wp-json\/wp\/v2\/tags?post=15348"}],"curies":[{"name":"wp","href":"https:\/\/api.w.org\/{rel}","templated":true}]}}