{"id":15100,"date":"2025-06-10T14:06:40","date_gmt":"2025-06-10T12:06:40","guid":{"rendered":"https:\/\/www.interreg-sverige-norge.com\/?p=15100"},"modified":"2025-09-11T08:48:59","modified_gmt":"2025-09-11T06:48:59","slug":"interreg-sverige-norge-pa-3-minutter","status":"publish","type":"post","link":"https:\/\/www.interreg-sverige-norge.com\/no\/interreg-sverige-norge-pa-3-minutter\/","title":{"rendered":"Interreg Sverige-Norge p\u00e5 3 minutter"},"content":{"rendered":"\n<h2 class=\"wp-block-heading\">Slik skaper Sverige og Norge b\u00e6rekraftig utvikling sammen<\/h2>\n\n<p><strong>Har du en id\u00e9 som kan utgj\u00f8re en forskjell i v\u00e5r felles grenseregion? Nesten 28 millioner euro er tilgjengelig for prosjekter som skaper b\u00e6rekraftig vekst, innovasjon og nye muligheter p\u00e5 tvers av grensen. Det er midler tilgjengelig for b\u00e5de mindre initiativer og st\u00f8rre samarbeid.  <\/strong><\/p>\n\n<p>Grenseomr\u00e5det mellom Sverige og Norge har et stort potensial til \u00e5 bli en motor for grenseoverskridende b\u00e6rekraftig utvikling. Men for at dette skal bli en realitet, er det behov for samarbeid p\u00e5 tvers av landegrensene. Interreg Sverige-Norge gir store muligheter til \u00e5 skape b\u00e6rekraftig utvikling sammen.  <\/p>\n\n<h2 class=\"wp-block-heading\">Kriterier for prosjektfinansiering<\/h2>\n\n<p>Grenseoverskridende samarbeid er et grunnleggende kriterium for Interreg-prosjekter. For \u00e5 s\u00f8ke om prosjektst\u00f8tte gjennom Interreg Sverige-Norge er det noen grunnleggende krav:<br\/><br\/><strong>En svensk og en norsk partner<\/strong> &#8211; Samarbeidet mellom Sverige og Norge st\u00e5r sentralt i alle prosjektene.<br\/><strong>\u00d8kt grenseoverskridende merverdi<\/strong> &#8211; Samarbeidsprosjekter skal gi resultater som er st\u00f8rre enn summen av delene, det vil si at 1 + 1 skal bli 3.<br\/><strong>Felles m\u00e5l<\/strong> &#8211; Prosjektene skal ha felles behov og m\u00e5l som passer inn i ett av de spesifikke m\u00e5lene for programmet.<br\/><strong>Finansiering<\/strong> &#8211; Finansieringen best\u00e5r av EU-midler og norske Interreg-midler. Deler av prosjektet m\u00e5 samfinansieres p\u00e5 annen m\u00e5te, gjennom offentlige eller private midler. <br\/>&#8211; Svensk side: EU-finansiering 65 %. Offentlig eller privat finansiering 35 %.<br\/>&#8211; Norsk side: IR-midler 50 %. Offentlig eller privat finansiering 50 %.  <\/p>\n\n<h2 class=\"wp-block-heading\">Prosjekttyper<\/h2>\n\n<p>Det finnes ulike typer prosjekter \u00e5 velge mellom dersom du \u00f8nsker \u00e5 delta i samarbeidet. Hvor mye penger du kan s\u00f8ke om, avhenger ogs\u00e5 av prosjekttypen. Se tabellen nedenfor for prosjekttyper, maksimal finansiering og prosjektets varighet:  <\/p>\n\n<figure class=\"wp-block-image size-full\"><img fetchpriority=\"high\" decoding=\"async\" width=\"709\" height=\"535\" src=\"https:\/\/www.interreg-sverige-norge.com\/wp-content\/uploads\/image.png\" alt=\"\" class=\"wp-image-15042\" srcset=\"https:\/\/www.interreg-sverige-norge.com\/wp-content\/uploads\/image.png 709w, https:\/\/www.interreg-sverige-norge.com\/wp-content\/uploads\/image-300x226.png 300w\" sizes=\"(max-width: 709px) 100vw, 709px\" \/><\/figure>\n\n<h2 class=\"wp-block-heading\">Tilgjengelige midler (april 2025)<\/h2>\n\n<p>Programmet har fire prioriteringer med \u00e5tte spesifikke m\u00e5l. M\u00e5lene skal bidra til \u00e5 styrke for eksempel sm\u00e5 og mellomstore bedrifter, sirkul\u00e6r \u00f8konomi, klimatilpasning, grenseoverskridende arbeidsmarkeder eller \u00f8kt samarbeidsevne. Det er per i dag tilgjengelige midler \u00e5 s\u00f8ke p\u00e5 i alle prioriteringene:  <\/p>\n\n<div class=\"wp-block-media-text is-stacked-on-mobile\" style=\"grid-template-columns:16% auto\"><figure class=\"wp-block-media-text__media\"><img decoding=\"async\" width=\"297\" height=\"296\" src=\"https:\/\/www.interreg-sverige-norge.com\/wp-content\/uploads\/INTERREG-icons-2020-A3.png\" alt=\"\" class=\"wp-image-15075 size-full\" srcset=\"https:\/\/www.interreg-sverige-norge.com\/wp-content\/uploads\/INTERREG-icons-2020-A3.png 297w, https:\/\/www.interreg-sverige-norge.com\/wp-content\/uploads\/INTERREG-icons-2020-A3-150x150.png 150w\" sizes=\"(max-width: 297px) 100vw, 297px\" \/><\/figure><div class=\"wp-block-media-text__content\">\n<p><strong>En smartere grenseregion, 11 millioner euro tilgjengelig <\/strong><\/p>\n<\/div><\/div>\n\n<div class=\"wp-block-media-text is-stacked-on-mobile\" style=\"grid-template-columns:16% auto\"><figure class=\"wp-block-media-text__media\"><img decoding=\"async\" width=\"296\" height=\"296\" src=\"https:\/\/www.interreg-sverige-norge.com\/wp-content\/uploads\/INTERREG-icons-2020-B3.png\" alt=\"\" class=\"wp-image-15077 size-full\" srcset=\"https:\/\/www.interreg-sverige-norge.com\/wp-content\/uploads\/INTERREG-icons-2020-B3.png 296w, https:\/\/www.interreg-sverige-norge.com\/wp-content\/uploads\/INTERREG-icons-2020-B3-150x150.png 150w\" sizes=\"(max-width: 296px) 100vw, 296px\" \/><\/figure><div class=\"wp-block-media-text__content\">\n<p><strong>En gr\u00f8nnere grenseregion, 9,5 millioner euro tilgjengelig<\/strong><\/p>\n<\/div><\/div>\n\n<div class=\"wp-block-media-text is-stacked-on-mobile\" style=\"grid-template-columns:16% auto\"><figure class=\"wp-block-media-text__media\"><img loading=\"lazy\" decoding=\"async\" width=\"296\" height=\"296\" src=\"https:\/\/www.interreg-sverige-norge.com\/wp-content\/uploads\/INTERREG-icons-2020-C3.png\" alt=\"\" class=\"wp-image-15079 size-full\" srcset=\"https:\/\/www.interreg-sverige-norge.com\/wp-content\/uploads\/INTERREG-icons-2020-C3.png 296w, https:\/\/www.interreg-sverige-norge.com\/wp-content\/uploads\/INTERREG-icons-2020-C3-150x150.png 150w\" sizes=\"(max-width: 296px) 100vw, 296px\" \/><\/figure><div class=\"wp-block-media-text__content\">\n<p><strong>En mer sosial grenseregion, 4 millioner euro tilgjengelig <\/strong><\/p>\n<\/div><\/div>\n\n<div class=\"wp-block-media-text is-stacked-on-mobile\" style=\"grid-template-columns:16% auto\"><figure class=\"wp-block-media-text__media\"><img loading=\"lazy\" decoding=\"async\" width=\"296\" height=\"296\" src=\"https:\/\/www.interreg-sverige-norge.com\/wp-content\/uploads\/INTERREG-icons-2020-G3.png\" alt=\"\" class=\"wp-image-15081 size-full\" srcset=\"https:\/\/www.interreg-sverige-norge.com\/wp-content\/uploads\/INTERREG-icons-2020-G3.png 296w, https:\/\/www.interreg-sverige-norge.com\/wp-content\/uploads\/INTERREG-icons-2020-G3-150x150.png 150w\" sizes=\"(max-width: 296px) 100vw, 296px\" \/><\/figure><div class=\"wp-block-media-text__content\">\n<p><strong>En sterkere grenseregion, 3,1 millioner tilgjengelig <\/strong><\/p>\n<\/div><\/div>\n\n<p><\/p>\n\n<p>Bel\u00f8pene som er angitt, er de totale midlene som er tilgjengelige for svensk og norsk side. <br\/><strong><a href=\"https:\/\/www.interreg-sverige-norge.com\/no\/prioriteringer-og-konkrete-mal\/\">Du finner mer informasjon om prioriteringene og de spesifikke m\u00e5lene p\u00e5 nettstedet.<\/a><\/strong><br\/><\/p>\n\n<h2 class=\"wp-block-heading\">Utlysninger to ganger i \u00e5ret<\/h2>\n\n<p>To ganger i \u00e5ret arrangeres det utlysninger for hovedprosjekter:<\/p>\n\n<ul class=\"wp-block-list\">\n<li><strong>15. januar &#8211; 15. februar<\/strong><\/li>\n\n\n\n<li><strong>15. august &#8211; 15. september<\/strong><\/li>\n<\/ul>\n\n<p>Forstudier og sm\u00e5skala prosjekter kan s\u00f8kes n\u00e5r som helst p\u00e5 \u00e5ret. Denne fleksibiliteten skaper gode muligheter for akt\u00f8rer fra b\u00e5de Sverige og Norge til \u00e5 s\u00f8ke om st\u00f8tte til sine ideer. <\/p>\n\n<h2 class=\"wp-block-heading\">Slik finner du ut mer om Interreg Sverige-Norge<\/h2>\n\n<p>Vil du vite mer om Interreg Sverige-Norge og hvordan du kan s\u00f8ke om st\u00f8tte? Bes\u00f8k nettsiden for mer kontaktinformasjon, prosjektguide og eksempler p\u00e5 tidligere tildelte prosjekter: <\/p>\n\n<ul class=\"wp-block-list\">\n<li><a href=\"http:\/\/www.interreg-sverige-norge.com\/\"><strong>Interreg-sverige-norge.com<\/strong><\/a><\/li>\n<\/ul>\n\n<ul class=\"wp-block-list\">\n<li>F\u00f8lg Interreg Sverige-Norge p\u00e5 sosiale medier:<ul><li><a href=\"https:\/\/www.facebook.com\/profile.php?id=100064777383617\"><strong>Facebook.com<\/strong><\/a><\/li><\/ul>\n<ul class=\"wp-block-list\">\n<li><a href=\"https:\/\/www.linkedin.com\/company\/interreg-sweden-norway\/posts\/?feedView=all\"><strong>LinkedIn Interreg-Sweden-Norway<\/strong><\/a><\/li>\n<\/ul>\n<\/li>\n<\/ul>\n\n<p><\/p>\n\n<p>Ta kontakt med en prosjektr\u00e5dgiver i god tid f\u00f8r utlysningen for \u00e5 diskutere en prosjektid\u00e9. <br\/><a href=\"https:\/\/www.interreg-sverige-norge.com\/wp-content\/uploads\/Ideskiss-version-3-1.docx\"><strong>Last ned en mal for en id\u00e9skisse<\/strong><\/a><\/p>\n\n<p><\/p>\n","protected":false},"excerpt":{"rendered":"<p>Slik skaper Sverige og Norge b\u00e6rekraftig utvikling sammen Har du en id\u00e9 som kan utgj\u00f8re en forskjell i v\u00e5r felles grenseregion? Nesten 28 millioner euro er tilgjengelig for prosjekter som skaper b\u00e6rekraftig vekst, innovasjon og nye muligheter p\u00e5 tvers av grensen. Det er midler tilgjengelig for b\u00e5de mindre initiativer og st\u00f8rre samarbeid. Grenseomr\u00e5det mellom Sverige [&hellip;]<\/p>\n","protected":false},"author":8,"featured_media":15098,"comment_status":"closed","ping_status":"closed","sticky":false,"template":"","format":"standard","meta":{"_jf_schedule_form":"","_jf_limit_responses":"","footnotes":""},"categories":[145],"tags":[],"class_list":["post-15100","post","type-post","status-publish","format-standard","has-post-thumbnail","hentry","category-artikler"],"yoast_head":"<!-- This site is optimized with the Yoast SEO plugin v27.5 - https:\/\/yoast.com\/product\/yoast-seo-wordpress\/ -->\n<title>Interreg Sverige-Norge p\u00e5 3 minutter - Interreg Sverige-Norge<\/title>\n<meta name=\"robots\" content=\"index, follow, max-snippet:-1, max-image-preview:large, max-video-preview:-1\" \/>\n<link rel=\"canonical\" href=\"https:\/\/www.interreg-sverige-norge.com\/no\/interreg-sverige-norge-pa-3-minutter\/\" \/>\n<meta property=\"og:locale\" content=\"nb_NO\" \/>\n<meta property=\"og:type\" content=\"article\" \/>\n<meta property=\"og:title\" content=\"Interreg Sverige-Norge p\u00e5 3 minutter - Interreg Sverige-Norge\" \/>\n<meta property=\"og:description\" content=\"Slik skaper Sverige og Norge b\u00e6rekraftig utvikling sammen Har du en id\u00e9 som kan utgj\u00f8re en forskjell i v\u00e5r felles grenseregion? Nesten 28 millioner euro er tilgjengelig for prosjekter som skaper b\u00e6rekraftig vekst, innovasjon og nye muligheter p\u00e5 tvers av grensen. Det er midler tilgjengelig for b\u00e5de mindre initiativer og st\u00f8rre samarbeid. Grenseomr\u00e5det mellom Sverige [&hellip;]\" \/>\n<meta property=\"og:url\" content=\"https:\/\/www.interreg-sverige-norge.com\/no\/interreg-sverige-norge-pa-3-minutter\/\" \/>\n<meta property=\"og:site_name\" content=\"Interreg Sverige-Norge\" \/>\n<meta property=\"article:publisher\" content=\"https:\/\/www.facebook.com\/Interreg-Sverige-Norge-543432269147183\/\" \/>\n<meta property=\"article:published_time\" content=\"2025-06-10T12:06:40+00:00\" \/>\n<meta property=\"article:modified_time\" content=\"2025-09-11T06:48:59+00:00\" \/>\n<meta property=\"og:image\" content=\"https:\/\/www.interreg-sverige-norge.com\/wp-content\/uploads\/SYSTER-Affisch-1.jpg\" \/>\n\t<meta property=\"og:image:width\" content=\"1683\" \/>\n\t<meta property=\"og:image:height\" content=\"1122\" \/>\n\t<meta property=\"og:image:type\" content=\"image\/jpeg\" \/>\n<meta name=\"author\" content=\"Wenche Lidberg\" \/>\n<meta name=\"twitter:card\" content=\"summary_large_image\" \/>\n<meta name=\"twitter:label1\" content=\"Skrevet av\" \/>\n\t<meta name=\"twitter:data1\" content=\"Wenche Lidberg\" \/>\n\t<meta name=\"twitter:label2\" content=\"Ansl. lesetid\" \/>\n\t<meta name=\"twitter:data2\" content=\"3 minutter\" \/>\n<script type=\"application\/ld+json\" class=\"yoast-schema-graph\">{\"@context\":\"https:\\\/\\\/schema.org\",\"@graph\":[{\"@type\":\"Article\",\"@id\":\"https:\\\/\\\/www.interreg-sverige-norge.com\\\/no\\\/interreg-sverige-norge-pa-3-minutter\\\/#article\",\"isPartOf\":{\"@id\":\"https:\\\/\\\/www.interreg-sverige-norge.com\\\/no\\\/interreg-sverige-norge-pa-3-minutter\\\/\"},\"author\":{\"name\":\"Wenche Lidberg\",\"@id\":\"https:\\\/\\\/www.interreg-sverige-norge.com\\\/no\\\/#\\\/schema\\\/person\\\/37a67d33769ab5c0b64fd036dbcd2c3b\"},\"headline\":\"Interreg Sverige-Norge p\u00e5 3 minutter\",\"datePublished\":\"2025-06-10T12:06:40+00:00\",\"dateModified\":\"2025-09-11T06:48:59+00:00\",\"mainEntityOfPage\":{\"@id\":\"https:\\\/\\\/www.interreg-sverige-norge.com\\\/no\\\/interreg-sverige-norge-pa-3-minutter\\\/\"},\"wordCount\":505,\"publisher\":{\"@id\":\"https:\\\/\\\/www.interreg-sverige-norge.com\\\/no\\\/#organization\"},\"image\":{\"@id\":\"https:\\\/\\\/www.interreg-sverige-norge.com\\\/no\\\/interreg-sverige-norge-pa-3-minutter\\\/#primaryimage\"},\"thumbnailUrl\":\"https:\\\/\\\/www.interreg-sverige-norge.com\\\/wp-content\\\/uploads\\\/SYSTER-Affisch-1.jpg\",\"articleSection\":[\"Artikler\"],\"inLanguage\":\"nb-NO\"},{\"@type\":\"WebPage\",\"@id\":\"https:\\\/\\\/www.interreg-sverige-norge.com\\\/no\\\/interreg-sverige-norge-pa-3-minutter\\\/\",\"url\":\"https:\\\/\\\/www.interreg-sverige-norge.com\\\/no\\\/interreg-sverige-norge-pa-3-minutter\\\/\",\"name\":\"Interreg Sverige-Norge p\u00e5 3 minutter - Interreg Sverige-Norge\",\"isPartOf\":{\"@id\":\"https:\\\/\\\/www.interreg-sverige-norge.com\\\/no\\\/#website\"},\"primaryImageOfPage\":{\"@id\":\"https:\\\/\\\/www.interreg-sverige-norge.com\\\/no\\\/interreg-sverige-norge-pa-3-minutter\\\/#primaryimage\"},\"image\":{\"@id\":\"https:\\\/\\\/www.interreg-sverige-norge.com\\\/no\\\/interreg-sverige-norge-pa-3-minutter\\\/#primaryimage\"},\"thumbnailUrl\":\"https:\\\/\\\/www.interreg-sverige-norge.com\\\/wp-content\\\/uploads\\\/SYSTER-Affisch-1.jpg\",\"datePublished\":\"2025-06-10T12:06:40+00:00\",\"dateModified\":\"2025-09-11T06:48:59+00:00\",\"breadcrumb\":{\"@id\":\"https:\\\/\\\/www.interreg-sverige-norge.com\\\/no\\\/interreg-sverige-norge-pa-3-minutter\\\/#breadcrumb\"},\"inLanguage\":\"nb-NO\",\"potentialAction\":[{\"@type\":\"ReadAction\",\"target\":[\"https:\\\/\\\/www.interreg-sverige-norge.com\\\/no\\\/interreg-sverige-norge-pa-3-minutter\\\/\"]}]},{\"@type\":\"ImageObject\",\"inLanguage\":\"nb-NO\",\"@id\":\"https:\\\/\\\/www.interreg-sverige-norge.com\\\/no\\\/interreg-sverige-norge-pa-3-minutter\\\/#primaryimage\",\"url\":\"https:\\\/\\\/www.interreg-sverige-norge.com\\\/wp-content\\\/uploads\\\/SYSTER-Affisch-1.jpg\",\"contentUrl\":\"https:\\\/\\\/www.interreg-sverige-norge.com\\\/wp-content\\\/uploads\\\/SYSTER-Affisch-1.jpg\",\"width\":1683,\"height\":1122},{\"@type\":\"BreadcrumbList\",\"@id\":\"https:\\\/\\\/www.interreg-sverige-norge.com\\\/no\\\/interreg-sverige-norge-pa-3-minutter\\\/#breadcrumb\",\"itemListElement\":[{\"@type\":\"ListItem\",\"position\":1,\"name\":\"Start\",\"item\":\"https:\\\/\\\/www.interreg-sverige-norge.com\\\/no\\\/\"},{\"@type\":\"ListItem\",\"position\":2,\"name\":\"Artikler\",\"item\":\"https:\\\/\\\/www.interreg-sverige-norge.com\\\/no\\\/category\\\/artikler\\\/\"},{\"@type\":\"ListItem\",\"position\":3,\"name\":\"Interreg Sverige-Norge p\u00e5 3 minutter\"}]},{\"@type\":\"WebSite\",\"@id\":\"https:\\\/\\\/www.interreg-sverige-norge.com\\\/no\\\/#website\",\"url\":\"https:\\\/\\\/www.interreg-sverige-norge.com\\\/no\\\/\",\"name\":\"Interreg Sverige-Norge\",\"description\":\"\",\"publisher\":{\"@id\":\"https:\\\/\\\/www.interreg-sverige-norge.com\\\/no\\\/#organization\"},\"potentialAction\":[{\"@type\":\"SearchAction\",\"target\":{\"@type\":\"EntryPoint\",\"urlTemplate\":\"https:\\\/\\\/www.interreg-sverige-norge.com\\\/no\\\/?s={search_term_string}\"},\"query-input\":{\"@type\":\"PropertyValueSpecification\",\"valueRequired\":true,\"valueName\":\"search_term_string\"}}],\"inLanguage\":\"nb-NO\"},{\"@type\":\"Organization\",\"@id\":\"https:\\\/\\\/www.interreg-sverige-norge.com\\\/no\\\/#organization\",\"name\":\"Interreg Sverige\u2013Norge\",\"url\":\"https:\\\/\\\/www.interreg-sverige-norge.com\\\/no\\\/\",\"logo\":{\"@type\":\"ImageObject\",\"inLanguage\":\"nb-NO\",\"@id\":\"https:\\\/\\\/www.interreg-sverige-norge.com\\\/no\\\/#\\\/schema\\\/logo\\\/image\\\/\",\"url\":\"https:\\\/\\\/www.interreg-sverige-norge.com\\\/wp-content\\\/uploads\\\/Interreg-logo.svg\",\"contentUrl\":\"https:\\\/\\\/www.interreg-sverige-norge.com\\\/wp-content\\\/uploads\\\/Interreg-logo.svg\",\"width\":409,\"height\":91,\"caption\":\"Interreg Sverige\u2013Norge\"},\"image\":{\"@id\":\"https:\\\/\\\/www.interreg-sverige-norge.com\\\/no\\\/#\\\/schema\\\/logo\\\/image\\\/\"},\"sameAs\":[\"https:\\\/\\\/www.facebook.com\\\/Interreg-Sverige-Norge-543432269147183\\\/\",\"https:\\\/\\\/www.youtube.com\\\/channel\\\/UCkwTnZPG8RAJVCppT3vT1Eg\"]},{\"@type\":\"Person\",\"@id\":\"https:\\\/\\\/www.interreg-sverige-norge.com\\\/no\\\/#\\\/schema\\\/person\\\/37a67d33769ab5c0b64fd036dbcd2c3b\",\"name\":\"Wenche Lidberg\",\"image\":{\"@type\":\"ImageObject\",\"inLanguage\":\"nb-NO\",\"@id\":\"https:\\\/\\\/secure.gravatar.com\\\/avatar\\\/5dd91c78d4df9a3dc0522542946839f0fa1a4562220a38504f54630bf3e1981d?s=96&d=mm&r=g\",\"url\":\"https:\\\/\\\/secure.gravatar.com\\\/avatar\\\/5dd91c78d4df9a3dc0522542946839f0fa1a4562220a38504f54630bf3e1981d?s=96&d=mm&r=g\",\"contentUrl\":\"https:\\\/\\\/secure.gravatar.com\\\/avatar\\\/5dd91c78d4df9a3dc0522542946839f0fa1a4562220a38504f54630bf3e1981d?s=96&d=mm&r=g\",\"caption\":\"Wenche Lidberg\"}}]}<\/script>\n<!-- \/ Yoast SEO plugin. -->","yoast_head_json":{"title":"Interreg Sverige-Norge p\u00e5 3 minutter - Interreg Sverige-Norge","robots":{"index":"index","follow":"follow","max-snippet":"max-snippet:-1","max-image-preview":"max-image-preview:large","max-video-preview":"max-video-preview:-1"},"canonical":"https:\/\/www.interreg-sverige-norge.com\/no\/interreg-sverige-norge-pa-3-minutter\/","og_locale":"nb_NO","og_type":"article","og_title":"Interreg Sverige-Norge p\u00e5 3 minutter - Interreg Sverige-Norge","og_description":"Slik skaper Sverige og Norge b\u00e6rekraftig utvikling sammen Har du en id\u00e9 som kan utgj\u00f8re en forskjell i v\u00e5r felles grenseregion? Nesten 28 millioner euro er tilgjengelig for prosjekter som skaper b\u00e6rekraftig vekst, innovasjon og nye muligheter p\u00e5 tvers av grensen. Det er midler tilgjengelig for b\u00e5de mindre initiativer og st\u00f8rre samarbeid. Grenseomr\u00e5det mellom Sverige [&hellip;]","og_url":"https:\/\/www.interreg-sverige-norge.com\/no\/interreg-sverige-norge-pa-3-minutter\/","og_site_name":"Interreg Sverige-Norge","article_publisher":"https:\/\/www.facebook.com\/Interreg-Sverige-Norge-543432269147183\/","article_published_time":"2025-06-10T12:06:40+00:00","article_modified_time":"2025-09-11T06:48:59+00:00","og_image":[{"width":1683,"height":1122,"url":"https:\/\/www.interreg-sverige-norge.com\/wp-content\/uploads\/SYSTER-Affisch-1.jpg","type":"image\/jpeg"}],"author":"Wenche Lidberg","twitter_card":"summary_large_image","twitter_misc":{"Skrevet av":"Wenche Lidberg","Ansl. lesetid":"3 minutter"},"schema":{"@context":"https:\/\/schema.org","@graph":[{"@type":"Article","@id":"https:\/\/www.interreg-sverige-norge.com\/no\/interreg-sverige-norge-pa-3-minutter\/#article","isPartOf":{"@id":"https:\/\/www.interreg-sverige-norge.com\/no\/interreg-sverige-norge-pa-3-minutter\/"},"author":{"name":"Wenche Lidberg","@id":"https:\/\/www.interreg-sverige-norge.com\/no\/#\/schema\/person\/37a67d33769ab5c0b64fd036dbcd2c3b"},"headline":"Interreg Sverige-Norge p\u00e5 3 minutter","datePublished":"2025-06-10T12:06:40+00:00","dateModified":"2025-09-11T06:48:59+00:00","mainEntityOfPage":{"@id":"https:\/\/www.interreg-sverige-norge.com\/no\/interreg-sverige-norge-pa-3-minutter\/"},"wordCount":505,"publisher":{"@id":"https:\/\/www.interreg-sverige-norge.com\/no\/#organization"},"image":{"@id":"https:\/\/www.interreg-sverige-norge.com\/no\/interreg-sverige-norge-pa-3-minutter\/#primaryimage"},"thumbnailUrl":"https:\/\/www.interreg-sverige-norge.com\/wp-content\/uploads\/SYSTER-Affisch-1.jpg","articleSection":["Artikler"],"inLanguage":"nb-NO"},{"@type":"WebPage","@id":"https:\/\/www.interreg-sverige-norge.com\/no\/interreg-sverige-norge-pa-3-minutter\/","url":"https:\/\/www.interreg-sverige-norge.com\/no\/interreg-sverige-norge-pa-3-minutter\/","name":"Interreg Sverige-Norge p\u00e5 3 minutter - Interreg Sverige-Norge","isPartOf":{"@id":"https:\/\/www.interreg-sverige-norge.com\/no\/#website"},"primaryImageOfPage":{"@id":"https:\/\/www.interreg-sverige-norge.com\/no\/interreg-sverige-norge-pa-3-minutter\/#primaryimage"},"image":{"@id":"https:\/\/www.interreg-sverige-norge.com\/no\/interreg-sverige-norge-pa-3-minutter\/#primaryimage"},"thumbnailUrl":"https:\/\/www.interreg-sverige-norge.com\/wp-content\/uploads\/SYSTER-Affisch-1.jpg","datePublished":"2025-06-10T12:06:40+00:00","dateModified":"2025-09-11T06:48:59+00:00","breadcrumb":{"@id":"https:\/\/www.interreg-sverige-norge.com\/no\/interreg-sverige-norge-pa-3-minutter\/#breadcrumb"},"inLanguage":"nb-NO","potentialAction":[{"@type":"ReadAction","target":["https:\/\/www.interreg-sverige-norge.com\/no\/interreg-sverige-norge-pa-3-minutter\/"]}]},{"@type":"ImageObject","inLanguage":"nb-NO","@id":"https:\/\/www.interreg-sverige-norge.com\/no\/interreg-sverige-norge-pa-3-minutter\/#primaryimage","url":"https:\/\/www.interreg-sverige-norge.com\/wp-content\/uploads\/SYSTER-Affisch-1.jpg","contentUrl":"https:\/\/www.interreg-sverige-norge.com\/wp-content\/uploads\/SYSTER-Affisch-1.jpg","width":1683,"height":1122},{"@type":"BreadcrumbList","@id":"https:\/\/www.interreg-sverige-norge.com\/no\/interreg-sverige-norge-pa-3-minutter\/#breadcrumb","itemListElement":[{"@type":"ListItem","position":1,"name":"Start","item":"https:\/\/www.interreg-sverige-norge.com\/no\/"},{"@type":"ListItem","position":2,"name":"Artikler","item":"https:\/\/www.interreg-sverige-norge.com\/no\/category\/artikler\/"},{"@type":"ListItem","position":3,"name":"Interreg Sverige-Norge p\u00e5 3 minutter"}]},{"@type":"WebSite","@id":"https:\/\/www.interreg-sverige-norge.com\/no\/#website","url":"https:\/\/www.interreg-sverige-norge.com\/no\/","name":"Interreg Sverige-Norge","description":"","publisher":{"@id":"https:\/\/www.interreg-sverige-norge.com\/no\/#organization"},"potentialAction":[{"@type":"SearchAction","target":{"@type":"EntryPoint","urlTemplate":"https:\/\/www.interreg-sverige-norge.com\/no\/?s={search_term_string}"},"query-input":{"@type":"PropertyValueSpecification","valueRequired":true,"valueName":"search_term_string"}}],"inLanguage":"nb-NO"},{"@type":"Organization","@id":"https:\/\/www.interreg-sverige-norge.com\/no\/#organization","name":"Interreg Sverige\u2013Norge","url":"https:\/\/www.interreg-sverige-norge.com\/no\/","logo":{"@type":"ImageObject","inLanguage":"nb-NO","@id":"https:\/\/www.interreg-sverige-norge.com\/no\/#\/schema\/logo\/image\/","url":"https:\/\/www.interreg-sverige-norge.com\/wp-content\/uploads\/Interreg-logo.svg","contentUrl":"https:\/\/www.interreg-sverige-norge.com\/wp-content\/uploads\/Interreg-logo.svg","width":409,"height":91,"caption":"Interreg Sverige\u2013Norge"},"image":{"@id":"https:\/\/www.interreg-sverige-norge.com\/no\/#\/schema\/logo\/image\/"},"sameAs":["https:\/\/www.facebook.com\/Interreg-Sverige-Norge-543432269147183\/","https:\/\/www.youtube.com\/channel\/UCkwTnZPG8RAJVCppT3vT1Eg"]},{"@type":"Person","@id":"https:\/\/www.interreg-sverige-norge.com\/no\/#\/schema\/person\/37a67d33769ab5c0b64fd036dbcd2c3b","name":"Wenche Lidberg","image":{"@type":"ImageObject","inLanguage":"nb-NO","@id":"https:\/\/secure.gravatar.com\/avatar\/5dd91c78d4df9a3dc0522542946839f0fa1a4562220a38504f54630bf3e1981d?s=96&d=mm&r=g","url":"https:\/\/secure.gravatar.com\/avatar\/5dd91c78d4df9a3dc0522542946839f0fa1a4562220a38504f54630bf3e1981d?s=96&d=mm&r=g","contentUrl":"https:\/\/secure.gravatar.com\/avatar\/5dd91c78d4df9a3dc0522542946839f0fa1a4562220a38504f54630bf3e1981d?s=96&d=mm&r=g","caption":"Wenche Lidberg"}}]}},"_links":{"self":[{"href":"https:\/\/www.interreg-sverige-norge.com\/no\/wp-json\/wp\/v2\/posts\/15100","targetHints":{"allow":["GET"]}}],"collection":[{"href":"https:\/\/www.interreg-sverige-norge.com\/no\/wp-json\/wp\/v2\/posts"}],"about":[{"href":"https:\/\/www.interreg-sverige-norge.com\/no\/wp-json\/wp\/v2\/types\/post"}],"author":[{"embeddable":true,"href":"https:\/\/www.interreg-sverige-norge.com\/no\/wp-json\/wp\/v2\/users\/8"}],"replies":[{"embeddable":true,"href":"https:\/\/www.interreg-sverige-norge.com\/no\/wp-json\/wp\/v2\/comments?post=15100"}],"version-history":[{"count":14,"href":"https:\/\/www.interreg-sverige-norge.com\/no\/wp-json\/wp\/v2\/posts\/15100\/revisions"}],"predecessor-version":[{"id":15811,"href":"https:\/\/www.interreg-sverige-norge.com\/no\/wp-json\/wp\/v2\/posts\/15100\/revisions\/15811"}],"wp:featuredmedia":[{"embeddable":true,"href":"https:\/\/www.interreg-sverige-norge.com\/no\/wp-json\/wp\/v2\/media\/15098"}],"wp:attachment":[{"href":"https:\/\/www.interreg-sverige-norge.com\/no\/wp-json\/wp\/v2\/media?parent=15100"}],"wp:term":[{"taxonomy":"category","embeddable":true,"href":"https:\/\/www.interreg-sverige-norge.com\/no\/wp-json\/wp\/v2\/categories?post=15100"},{"taxonomy":"post_tag","embeddable":true,"href":"https:\/\/www.interreg-sverige-norge.com\/no\/wp-json\/wp\/v2\/tags?post=15100"}],"curies":[{"name":"wp","href":"https:\/\/api.w.org\/{rel}","templated":true}]}}