{"id":13034,"date":"2024-06-07T12:44:34","date_gmt":"2024-06-07T10:44:34","guid":{"rendered":"https:\/\/www.interreg-sverige-norge.com\/?p=13034"},"modified":"2024-06-18T13:39:57","modified_gmt":"2024-06-18T11:39:57","slug":"skap-oppmerksomhet-for-ditt-interreg-prosjekter-gjennom-storytelling","status":"publish","type":"post","link":"https:\/\/www.interreg-sverige-norge.com\/no\/skap-oppmerksomhet-for-ditt-interreg-prosjekter-gjennom-storytelling\/","title":{"rendered":"Skap oppmerksomhet for ditt Interreg-prosjekter gjennom \u00abStorytelling\u00bb"},"content":{"rendered":"\n<p>Tekst: Liv Randi Lindseth<\/p>\n\n\n\n<p><strong>Du har kanskje h\u00f8rt at du b\u00f8r markedsf\u00f8re prosjektene dine ved hjelp av \u00abStorytelling\u00bb, alts\u00e5 historiefortelling. Dette er den mest effektive m\u00e5tene \u00e5 formidle ideer til verden p\u00e5 i dag. Folk er rett og slett lei av det tekniske spr\u00e5ket vi ofte bruker i rapportering. Vi \u00f8nsker \u00e5 f\u00e5 frem det vi gj\u00f8r p\u00e5 en morsom og engasjerende m\u00e5te, men hvordan gj\u00f8r vi det? V\u00e5re prosjekter er komplekse, med flere partnere og mange tekniske fakta som er vanskelige \u00e5 forklare for personer som ikke er eksperter p\u00e5 feltet.<\/strong><\/p>\n\n\n\n<p><strong>Fra komplekse prosjekter til engasjerende fortellinger&nbsp;<\/strong><\/p>\n\n\n\n<p>Hva om det fantes en enkel m\u00e5te \u00e5 strukturere informasjonen om selv de mest komplekse prosjektene p\u00e5 \u2013 ikke bare en id\u00e9, men en mal vi kunne f\u00f8lge? Dette er akkurat det&nbsp;<a href=\"https:\/\/academy.interact.eu\/\" target=\"_blank\" rel=\"noreferrer noopener\">Interact Academy<\/a>&nbsp;tilbyr Interreg gjennom kurs i Storytelling. Det er en spesialisert oppl\u00e6ring som tilbyr maler, eksempler og verkt\u00f8y for \u00e5 gj\u00f8re selv de mest komplekse Interreg-prosjektene om til interessante historier. Selv om du ikke er en kommunikasjonsekspert, kan du skape en imponerende historie som folk lett kan forst\u00e5 og fortelle videre.<\/p>\n\n\n\n<p>Nebojsa Nikolic, kommunikasjonsekspert og kursholder fra Interact Academy.<\/p>\n\n\n\n<figure class=\"wp-block-video\"><video height=\"1080\" style=\"aspect-ratio: 1920 \/ 1080;\" width=\"1920\" controls src=\"https:\/\/www.interreg-sverige-norge.com\/wp-content\/uploads\/Nebojsa_storytelling_promo_-_Norwegian-1.mp4\"><\/video><\/figure>\n\n\n\n<p><strong>L\u00e6r \u00e5 bruke AI og grafisk designverkt\u00f8y p\u00e5 f\u00e5 minutter<\/strong>&nbsp;<\/p>\n\n\n\n<p>Deltakerne tar f\u00f8rst et kort nettbasert kurs. Kurset forklarer hva som skal til for \u00e5 skape en god historie og tilbyr en enkel mal med ti trinn for \u00e5 strukturere historien din. Du trenger bare \u00e5 legge inn \u00e9n eller to setninger i hvert av de ti lysbildene i malen, og du er ferdig med grunnlaget.<\/p>\n\n\n\n<p>Deretter f\u00f8lger et kort nettbasert webinar der oppl\u00e6ringsinstrukt\u00f8ren, Nebojsa Nikolic fra&nbsp;<a href=\"https:\/\/www.interact-eu.net\/\" target=\"_blank\" rel=\"noreferrer noopener\">Interact<\/a>, forklarer hvordan vi kan forbedre utkasttekstene v\u00e5re. F\u00f8rsteutkastene er ofte fulle av byr\u00e5kratisk spr\u00e5k, for mye informasjon og uklare problemer og l\u00f8sninger. P\u00e5 webinaret jobber deltakerne med virkelige Interreg-prosjekthistorier og forbedrer utkast til tekst.<\/p>\n\n\n\n<p>Til slutt tilbyr oppl\u00e6ringen en workshop der deltakerne l\u00e6rer hvordan de kan bruke gratis og enkle verkt\u00f8y, inkludert AI, for \u00e5 fullf\u00f8re historiene sine og gj\u00f8re dem om til flotte sosiale medieinnlegg og korte videoer. Det var imponerende \u00e5 se hvor raskt et AI-verkt\u00f8y kan lage en profil for en \u201ckommunikasjonspersona\u201d for m\u00e5lgruppen. Det var enda mer imponerende \u00e5 se hvordan personer uten erfaring innen grafisk design skapte vakre sosiale medieinnlegg for historiene sine i Canva, p\u00e5 bare noen f\u00e5 minutter.<\/p>\n\n\n\n<figure class=\"wp-block-image size-full\"><img fetchpriority=\"high\" decoding=\"async\" width=\"1000\" height=\"750\" src=\"https:\/\/www.interreg-sverige-norge.com\/wp-content\/uploads\/gruppebilde-WS.jpg\" alt=\"\" class=\"wp-image-13039\" srcset=\"https:\/\/www.interreg-sverige-norge.com\/wp-content\/uploads\/gruppebilde-WS.jpg 1000w, https:\/\/www.interreg-sverige-norge.com\/wp-content\/uploads\/gruppebilde-WS-300x225.jpg 300w, https:\/\/www.interreg-sverige-norge.com\/wp-content\/uploads\/gruppebilde-WS-768x576.jpg 768w\" sizes=\"(max-width: 1000px) 100vw, 1000px\" \/><figcaption class=\"wp-element-caption\">Deltakere p\u00e5 kurs i Storytelling i T\u00e4llberg, Sverige.<\/figcaption><\/figure>\n\n\n\n<h2 class=\"wp-block-heading\"><strong>Vi kan starte med en gang<\/strong><\/h2>\n\n\n\n<p>P\u00e5 oppl\u00e6ringen i T\u00e4llberg i Sverige, arrangert av&nbsp;<a href=\"https:\/\/www.interact-eu.net\/\" target=\"_blank\" rel=\"noreferrer noopener\">Interreg Sverige-Norge<\/a>, ga flere deltakere uttrykk for at de var sv\u00e6rt forn\u00f8yde med innholdet. De fremhevet s\u00e6rlig alle de nyttige tipsene og verkt\u00f8yene de kunne begynne \u00e5 bruke umiddelbart \u2013 s\u00e5 snart de kom tilbake til kontoret. Nedenfor finner du tre forn\u00f8yde deltakere som uttrykker hva de synes om kurset i Storytelling.<\/p>\n\n\n\n<p>H\u00f8r hva Monika, Pelle og Jakob har \u00e5 si om kurset:<\/p>\n\n\n\n<figure class=\"wp-block-video\"><video height=\"1080\" style=\"aspect-ratio: 1920 \/ 1080;\" width=\"1920\" controls src=\"https:\/\/www.interreg-sverige-norge.com\/wp-content\/uploads\/Storytelling_Monika_NO-2.mp4\"><\/video><\/figure>\n\n\n\n<figure class=\"wp-block-video\"><video height=\"1080\" style=\"aspect-ratio: 1920 \/ 1080;\" width=\"1920\" controls src=\"https:\/\/www.interreg-sverige-norge.com\/wp-content\/uploads\/Storytelling_Pelle_NO.mp4\"><\/video><\/figure>\n\n\n\n<figure class=\"wp-block-video\"><video height=\"1080\" style=\"aspect-ratio: 1920 \/ 1080;\" width=\"1920\" controls src=\"https:\/\/www.interreg-sverige-norge.com\/wp-content\/uploads\/Jakob_storytelling_NO-1.mp4\"><\/video><\/figure>\n\n\n\n<h2 class=\"wp-block-heading\"><strong>Interreg-historier n\u00e5dde rekordh\u00f8ye 3 millioner<\/strong>&nbsp;<\/h2>\n\n\n\n<p>Storytelling trenger ikke \u00e5 v\u00e6re kompliserte og tidkrevende. Det er noe hvert prosjekt kan gj\u00f8re, slik at det kan n\u00e5 mange mennesker. Noen av de beste Interreg-historiene deltar i Interreg Slam-konkurransen og n\u00e5r lett ut til titusenvis av mennesker. Interreg Slam er en konkurranse i nettopp Storytelling, og n\u00e5dde rekordh\u00f8ye 3 millioner mennesker i 2023, med seks korte Interreg-historier.<\/p>\n\n\n\n<p>Dette \u00e5rets konkurranse i Storytelling er n\u00e5 \u00e5pen. Fristen for \u00e5 delta med din historie er 1. juli 2024 i <a href=\"https:\/\/interact.eu\/news\/83\">Interreg-slam.<\/a> <\/p>\n\n\n\n<h2 class=\"wp-block-heading\">Kontakt<\/h2>\n\n\n\n<h3 class=\"wp-block-heading\">Nebojsa Nikolic<\/h3>\n\n\n\n<h3 class=\"wp-block-heading\"><strong>Interact Programme<\/strong><br><strong>+34 618 74 77 82<\/strong><br><a href=\"mailto:nebojsa.nikolic@interact.eu\" target=\"_blank\" rel=\"noreferrer noopener\"><strong>nebojsa.nikolic@interact.eu<\/strong><\/a><\/h3>\n\n\n\n<p>Communication expert and training instructor for Storytelling for Interreg<\/p>\n\n\n\n<h3 class=\"wp-block-heading\">Helmik Slora Kristiansen<\/h3>\n\n\n\n<p>Innlandet fylkeskommune<br>+47 47 02 86 18<br><a href=\"mailto:helmik.slora.kristiansen@innlandetfylke.no\">helkri@innlandetfylke.no<\/a><br>Sekretariatsleder Interreg Sverige-Norge<br>Forvaltningsorganisasjon for programmet er Innlandet fylkeskommune<\/p>\n\n\n\n<h3 class=\"wp-block-heading\">Marie B. L\u00e5te<\/h3>\n\n\n\n<p>Innlandet fylkeskommune<br>+47 41 22 87 33<br><a href=\"mailto:elin.bjornstad@innlandetfylke.no\">marboh@innlandetfylke.no<\/a><\/p>\n\n\n\n<p>Prosjektr\u00e5dgiver og kommunikasjonsansvarlig NO Interreg Sverige-Norge<br>Forvaltningsorganisasjon for programmet er Innlandet fylkeskommune<\/p>\n\n\n\n<h3 class=\"wp-block-heading\">Sidsel Tr\u00f8nsdal<\/h3>\n\n\n\n<p>Tr\u00f8ndelag fylkeskommune<br>+47 92 45 31 63<br><a href=\"mailto:sidtr@trondelagfylke.no\">sidtr@trondelagfylke.no<\/a><\/p>\n\n\n\n<p>Seniorr\u00e5dgiver Interreg Sverige-Norge, Tr\u00f8ndelag fylkeskommune<br>Forvaltningsorganisasjon for programmet er Innlandet fylkeskommune<\/p>\n","protected":false},"excerpt":{"rendered":"<p>Tekst: Liv Randi Lindseth Du har kanskje h\u00f8rt at du b\u00f8r markedsf\u00f8re prosjektene dine ved hjelp av \u00abStorytelling\u00bb, alts\u00e5 historiefortelling. Dette er den mest effektive m\u00e5tene \u00e5 formidle ideer til verden p\u00e5 i dag. Folk er rett og slett lei av det tekniske spr\u00e5ket vi ofte bruker i rapportering. Vi \u00f8nsker \u00e5 f\u00e5 frem det [&hellip;]<\/p>\n","protected":false},"author":21,"featured_media":13037,"comment_status":"closed","ping_status":"closed","sticky":false,"template":"","format":"standard","meta":{"_jf_schedule_form":"","_jf_limit_responses":"","footnotes":""},"categories":[145],"tags":[],"class_list":["post-13034","post","type-post","status-publish","format-standard","has-post-thumbnail","hentry","category-artikler"],"yoast_head":"<!-- This site is optimized with the Yoast SEO plugin v27.5 - https:\/\/yoast.com\/product\/yoast-seo-wordpress\/ -->\n<title>Skap oppmerksomhet for ditt Interreg-prosjekter gjennom \u00abStorytelling\u00bb - Interreg Sverige-Norge<\/title>\n<meta name=\"robots\" content=\"index, follow, max-snippet:-1, max-image-preview:large, max-video-preview:-1\" \/>\n<link rel=\"canonical\" href=\"https:\/\/www.interreg-sverige-norge.com\/no\/skap-oppmerksomhet-for-ditt-interreg-prosjekter-gjennom-storytelling\/\" \/>\n<meta property=\"og:locale\" content=\"nb_NO\" \/>\n<meta property=\"og:type\" content=\"article\" \/>\n<meta property=\"og:title\" content=\"Skap oppmerksomhet for ditt Interreg-prosjekter gjennom \u00abStorytelling\u00bb - Interreg Sverige-Norge\" \/>\n<meta property=\"og:description\" content=\"Tekst: Liv Randi Lindseth Du har kanskje h\u00f8rt at du b\u00f8r markedsf\u00f8re prosjektene dine ved hjelp av \u00abStorytelling\u00bb, alts\u00e5 historiefortelling. Dette er den mest effektive m\u00e5tene \u00e5 formidle ideer til verden p\u00e5 i dag. Folk er rett og slett lei av det tekniske spr\u00e5ket vi ofte bruker i rapportering. Vi \u00f8nsker \u00e5 f\u00e5 frem det [&hellip;]\" \/>\n<meta property=\"og:url\" content=\"https:\/\/www.interreg-sverige-norge.com\/no\/skap-oppmerksomhet-for-ditt-interreg-prosjekter-gjennom-storytelling\/\" \/>\n<meta property=\"og:site_name\" content=\"Interreg Sverige-Norge\" \/>\n<meta property=\"article:publisher\" content=\"https:\/\/www.facebook.com\/Interreg-Sverige-Norge-543432269147183\/\" \/>\n<meta property=\"article:published_time\" content=\"2024-06-07T10:44:34+00:00\" \/>\n<meta property=\"article:modified_time\" content=\"2024-06-18T11:39:57+00:00\" \/>\n<meta property=\"og:image\" content=\"https:\/\/www.interreg-sverige-norge.com\/wp-content\/uploads\/Nebojsa-Nikolic-cropped-scaled-2.jpg\" \/>\n\t<meta property=\"og:image:width\" content=\"2560\" \/>\n\t<meta property=\"og:image:height\" content=\"1708\" \/>\n\t<meta property=\"og:image:type\" content=\"image\/jpeg\" \/>\n<meta name=\"author\" content=\"Marie Bohman L\u00e5te\" \/>\n<meta name=\"twitter:card\" content=\"summary_large_image\" \/>\n<meta name=\"twitter:label1\" content=\"Skrevet av\" \/>\n\t<meta name=\"twitter:data1\" content=\"Marie Bohman L\u00e5te\" \/>\n\t<meta name=\"twitter:label2\" content=\"Ansl. lesetid\" \/>\n\t<meta name=\"twitter:data2\" content=\"3 minutter\" \/>\n<script type=\"application\/ld+json\" class=\"yoast-schema-graph\">{\"@context\":\"https:\\\/\\\/schema.org\",\"@graph\":[{\"@type\":\"Article\",\"@id\":\"https:\\\/\\\/www.interreg-sverige-norge.com\\\/no\\\/skap-oppmerksomhet-for-ditt-interreg-prosjekter-gjennom-storytelling\\\/#article\",\"isPartOf\":{\"@id\":\"https:\\\/\\\/www.interreg-sverige-norge.com\\\/no\\\/skap-oppmerksomhet-for-ditt-interreg-prosjekter-gjennom-storytelling\\\/\"},\"author\":{\"name\":\"Marie Bohman L\u00e5te\",\"@id\":\"https:\\\/\\\/www.interreg-sverige-norge.com\\\/no\\\/#\\\/schema\\\/person\\\/7d330759cf4ffb221df5697087f1f836\"},\"headline\":\"Skap oppmerksomhet for ditt Interreg-prosjekter gjennom \u00abStorytelling\u00bb\",\"datePublished\":\"2024-06-07T10:44:34+00:00\",\"dateModified\":\"2024-06-18T11:39:57+00:00\",\"mainEntityOfPage\":{\"@id\":\"https:\\\/\\\/www.interreg-sverige-norge.com\\\/no\\\/skap-oppmerksomhet-for-ditt-interreg-prosjekter-gjennom-storytelling\\\/\"},\"wordCount\":668,\"publisher\":{\"@id\":\"https:\\\/\\\/www.interreg-sverige-norge.com\\\/no\\\/#organization\"},\"image\":{\"@id\":\"https:\\\/\\\/www.interreg-sverige-norge.com\\\/no\\\/skap-oppmerksomhet-for-ditt-interreg-prosjekter-gjennom-storytelling\\\/#primaryimage\"},\"thumbnailUrl\":\"https:\\\/\\\/www.interreg-sverige-norge.com\\\/wp-content\\\/uploads\\\/Nebojsa-Nikolic-cropped-scaled-2.jpg\",\"articleSection\":[\"Artikler\"],\"inLanguage\":\"nb-NO\"},{\"@type\":\"WebPage\",\"@id\":\"https:\\\/\\\/www.interreg-sverige-norge.com\\\/no\\\/skap-oppmerksomhet-for-ditt-interreg-prosjekter-gjennom-storytelling\\\/\",\"url\":\"https:\\\/\\\/www.interreg-sverige-norge.com\\\/no\\\/skap-oppmerksomhet-for-ditt-interreg-prosjekter-gjennom-storytelling\\\/\",\"name\":\"Skap oppmerksomhet for ditt Interreg-prosjekter gjennom \u00abStorytelling\u00bb - Interreg Sverige-Norge\",\"isPartOf\":{\"@id\":\"https:\\\/\\\/www.interreg-sverige-norge.com\\\/no\\\/#website\"},\"primaryImageOfPage\":{\"@id\":\"https:\\\/\\\/www.interreg-sverige-norge.com\\\/no\\\/skap-oppmerksomhet-for-ditt-interreg-prosjekter-gjennom-storytelling\\\/#primaryimage\"},\"image\":{\"@id\":\"https:\\\/\\\/www.interreg-sverige-norge.com\\\/no\\\/skap-oppmerksomhet-for-ditt-interreg-prosjekter-gjennom-storytelling\\\/#primaryimage\"},\"thumbnailUrl\":\"https:\\\/\\\/www.interreg-sverige-norge.com\\\/wp-content\\\/uploads\\\/Nebojsa-Nikolic-cropped-scaled-2.jpg\",\"datePublished\":\"2024-06-07T10:44:34+00:00\",\"dateModified\":\"2024-06-18T11:39:57+00:00\",\"breadcrumb\":{\"@id\":\"https:\\\/\\\/www.interreg-sverige-norge.com\\\/no\\\/skap-oppmerksomhet-for-ditt-interreg-prosjekter-gjennom-storytelling\\\/#breadcrumb\"},\"inLanguage\":\"nb-NO\",\"potentialAction\":[{\"@type\":\"ReadAction\",\"target\":[\"https:\\\/\\\/www.interreg-sverige-norge.com\\\/no\\\/skap-oppmerksomhet-for-ditt-interreg-prosjekter-gjennom-storytelling\\\/\"]}]},{\"@type\":\"ImageObject\",\"inLanguage\":\"nb-NO\",\"@id\":\"https:\\\/\\\/www.interreg-sverige-norge.com\\\/no\\\/skap-oppmerksomhet-for-ditt-interreg-prosjekter-gjennom-storytelling\\\/#primaryimage\",\"url\":\"https:\\\/\\\/www.interreg-sverige-norge.com\\\/wp-content\\\/uploads\\\/Nebojsa-Nikolic-cropped-scaled-2.jpg\",\"contentUrl\":\"https:\\\/\\\/www.interreg-sverige-norge.com\\\/wp-content\\\/uploads\\\/Nebojsa-Nikolic-cropped-scaled-2.jpg\",\"width\":2560,\"height\":1708,\"caption\":\"?????\"},{\"@type\":\"BreadcrumbList\",\"@id\":\"https:\\\/\\\/www.interreg-sverige-norge.com\\\/no\\\/skap-oppmerksomhet-for-ditt-interreg-prosjekter-gjennom-storytelling\\\/#breadcrumb\",\"itemListElement\":[{\"@type\":\"ListItem\",\"position\":1,\"name\":\"Start\",\"item\":\"https:\\\/\\\/www.interreg-sverige-norge.com\\\/no\\\/\"},{\"@type\":\"ListItem\",\"position\":2,\"name\":\"Artikler\",\"item\":\"https:\\\/\\\/www.interreg-sverige-norge.com\\\/no\\\/category\\\/artikler\\\/\"},{\"@type\":\"ListItem\",\"position\":3,\"name\":\"Skap oppmerksomhet for ditt Interreg-prosjekter gjennom \u00abStorytelling\u00bb\"}]},{\"@type\":\"WebSite\",\"@id\":\"https:\\\/\\\/www.interreg-sverige-norge.com\\\/no\\\/#website\",\"url\":\"https:\\\/\\\/www.interreg-sverige-norge.com\\\/no\\\/\",\"name\":\"Interreg Sverige-Norge\",\"description\":\"\",\"publisher\":{\"@id\":\"https:\\\/\\\/www.interreg-sverige-norge.com\\\/no\\\/#organization\"},\"potentialAction\":[{\"@type\":\"SearchAction\",\"target\":{\"@type\":\"EntryPoint\",\"urlTemplate\":\"https:\\\/\\\/www.interreg-sverige-norge.com\\\/no\\\/?s={search_term_string}\"},\"query-input\":{\"@type\":\"PropertyValueSpecification\",\"valueRequired\":true,\"valueName\":\"search_term_string\"}}],\"inLanguage\":\"nb-NO\"},{\"@type\":\"Organization\",\"@id\":\"https:\\\/\\\/www.interreg-sverige-norge.com\\\/no\\\/#organization\",\"name\":\"Interreg Sverige\u2013Norge\",\"url\":\"https:\\\/\\\/www.interreg-sverige-norge.com\\\/no\\\/\",\"logo\":{\"@type\":\"ImageObject\",\"inLanguage\":\"nb-NO\",\"@id\":\"https:\\\/\\\/www.interreg-sverige-norge.com\\\/no\\\/#\\\/schema\\\/logo\\\/image\\\/\",\"url\":\"https:\\\/\\\/www.interreg-sverige-norge.com\\\/wp-content\\\/uploads\\\/Interreg-logo.svg\",\"contentUrl\":\"https:\\\/\\\/www.interreg-sverige-norge.com\\\/wp-content\\\/uploads\\\/Interreg-logo.svg\",\"width\":409,\"height\":91,\"caption\":\"Interreg Sverige\u2013Norge\"},\"image\":{\"@id\":\"https:\\\/\\\/www.interreg-sverige-norge.com\\\/no\\\/#\\\/schema\\\/logo\\\/image\\\/\"},\"sameAs\":[\"https:\\\/\\\/www.facebook.com\\\/Interreg-Sverige-Norge-543432269147183\\\/\",\"https:\\\/\\\/www.youtube.com\\\/channel\\\/UCkwTnZPG8RAJVCppT3vT1Eg\"]},{\"@type\":\"Person\",\"@id\":\"https:\\\/\\\/www.interreg-sverige-norge.com\\\/no\\\/#\\\/schema\\\/person\\\/7d330759cf4ffb221df5697087f1f836\",\"name\":\"Marie Bohman L\u00e5te\",\"image\":{\"@type\":\"ImageObject\",\"inLanguage\":\"nb-NO\",\"@id\":\"https:\\\/\\\/secure.gravatar.com\\\/avatar\\\/5865f9e965d2628d6c3f81802c209f79471b2ab591b4001ad61f33cfa8ddb41c?s=96&d=mm&r=g\",\"url\":\"https:\\\/\\\/secure.gravatar.com\\\/avatar\\\/5865f9e965d2628d6c3f81802c209f79471b2ab591b4001ad61f33cfa8ddb41c?s=96&d=mm&r=g\",\"contentUrl\":\"https:\\\/\\\/secure.gravatar.com\\\/avatar\\\/5865f9e965d2628d6c3f81802c209f79471b2ab591b4001ad61f33cfa8ddb41c?s=96&d=mm&r=g\",\"caption\":\"Marie Bohman L\u00e5te\"},\"sameAs\":[\"https:\\\/\\\/www.interreg-sverige-norge.com\\\/\"]}]}<\/script>\n<!-- \/ Yoast SEO plugin. -->","yoast_head_json":{"title":"Skap oppmerksomhet for ditt Interreg-prosjekter gjennom \u00abStorytelling\u00bb - Interreg Sverige-Norge","robots":{"index":"index","follow":"follow","max-snippet":"max-snippet:-1","max-image-preview":"max-image-preview:large","max-video-preview":"max-video-preview:-1"},"canonical":"https:\/\/www.interreg-sverige-norge.com\/no\/skap-oppmerksomhet-for-ditt-interreg-prosjekter-gjennom-storytelling\/","og_locale":"nb_NO","og_type":"article","og_title":"Skap oppmerksomhet for ditt Interreg-prosjekter gjennom \u00abStorytelling\u00bb - Interreg Sverige-Norge","og_description":"Tekst: Liv Randi Lindseth Du har kanskje h\u00f8rt at du b\u00f8r markedsf\u00f8re prosjektene dine ved hjelp av \u00abStorytelling\u00bb, alts\u00e5 historiefortelling. Dette er den mest effektive m\u00e5tene \u00e5 formidle ideer til verden p\u00e5 i dag. Folk er rett og slett lei av det tekniske spr\u00e5ket vi ofte bruker i rapportering. Vi \u00f8nsker \u00e5 f\u00e5 frem det [&hellip;]","og_url":"https:\/\/www.interreg-sverige-norge.com\/no\/skap-oppmerksomhet-for-ditt-interreg-prosjekter-gjennom-storytelling\/","og_site_name":"Interreg Sverige-Norge","article_publisher":"https:\/\/www.facebook.com\/Interreg-Sverige-Norge-543432269147183\/","article_published_time":"2024-06-07T10:44:34+00:00","article_modified_time":"2024-06-18T11:39:57+00:00","og_image":[{"width":2560,"height":1708,"url":"https:\/\/www.interreg-sverige-norge.com\/wp-content\/uploads\/Nebojsa-Nikolic-cropped-scaled-2.jpg","type":"image\/jpeg"}],"author":"Marie Bohman L\u00e5te","twitter_card":"summary_large_image","twitter_misc":{"Skrevet av":"Marie Bohman L\u00e5te","Ansl. lesetid":"3 minutter"},"schema":{"@context":"https:\/\/schema.org","@graph":[{"@type":"Article","@id":"https:\/\/www.interreg-sverige-norge.com\/no\/skap-oppmerksomhet-for-ditt-interreg-prosjekter-gjennom-storytelling\/#article","isPartOf":{"@id":"https:\/\/www.interreg-sverige-norge.com\/no\/skap-oppmerksomhet-for-ditt-interreg-prosjekter-gjennom-storytelling\/"},"author":{"name":"Marie Bohman L\u00e5te","@id":"https:\/\/www.interreg-sverige-norge.com\/no\/#\/schema\/person\/7d330759cf4ffb221df5697087f1f836"},"headline":"Skap oppmerksomhet for ditt Interreg-prosjekter gjennom \u00abStorytelling\u00bb","datePublished":"2024-06-07T10:44:34+00:00","dateModified":"2024-06-18T11:39:57+00:00","mainEntityOfPage":{"@id":"https:\/\/www.interreg-sverige-norge.com\/no\/skap-oppmerksomhet-for-ditt-interreg-prosjekter-gjennom-storytelling\/"},"wordCount":668,"publisher":{"@id":"https:\/\/www.interreg-sverige-norge.com\/no\/#organization"},"image":{"@id":"https:\/\/www.interreg-sverige-norge.com\/no\/skap-oppmerksomhet-for-ditt-interreg-prosjekter-gjennom-storytelling\/#primaryimage"},"thumbnailUrl":"https:\/\/www.interreg-sverige-norge.com\/wp-content\/uploads\/Nebojsa-Nikolic-cropped-scaled-2.jpg","articleSection":["Artikler"],"inLanguage":"nb-NO"},{"@type":"WebPage","@id":"https:\/\/www.interreg-sverige-norge.com\/no\/skap-oppmerksomhet-for-ditt-interreg-prosjekter-gjennom-storytelling\/","url":"https:\/\/www.interreg-sverige-norge.com\/no\/skap-oppmerksomhet-for-ditt-interreg-prosjekter-gjennom-storytelling\/","name":"Skap oppmerksomhet for ditt Interreg-prosjekter gjennom \u00abStorytelling\u00bb - Interreg Sverige-Norge","isPartOf":{"@id":"https:\/\/www.interreg-sverige-norge.com\/no\/#website"},"primaryImageOfPage":{"@id":"https:\/\/www.interreg-sverige-norge.com\/no\/skap-oppmerksomhet-for-ditt-interreg-prosjekter-gjennom-storytelling\/#primaryimage"},"image":{"@id":"https:\/\/www.interreg-sverige-norge.com\/no\/skap-oppmerksomhet-for-ditt-interreg-prosjekter-gjennom-storytelling\/#primaryimage"},"thumbnailUrl":"https:\/\/www.interreg-sverige-norge.com\/wp-content\/uploads\/Nebojsa-Nikolic-cropped-scaled-2.jpg","datePublished":"2024-06-07T10:44:34+00:00","dateModified":"2024-06-18T11:39:57+00:00","breadcrumb":{"@id":"https:\/\/www.interreg-sverige-norge.com\/no\/skap-oppmerksomhet-for-ditt-interreg-prosjekter-gjennom-storytelling\/#breadcrumb"},"inLanguage":"nb-NO","potentialAction":[{"@type":"ReadAction","target":["https:\/\/www.interreg-sverige-norge.com\/no\/skap-oppmerksomhet-for-ditt-interreg-prosjekter-gjennom-storytelling\/"]}]},{"@type":"ImageObject","inLanguage":"nb-NO","@id":"https:\/\/www.interreg-sverige-norge.com\/no\/skap-oppmerksomhet-for-ditt-interreg-prosjekter-gjennom-storytelling\/#primaryimage","url":"https:\/\/www.interreg-sverige-norge.com\/wp-content\/uploads\/Nebojsa-Nikolic-cropped-scaled-2.jpg","contentUrl":"https:\/\/www.interreg-sverige-norge.com\/wp-content\/uploads\/Nebojsa-Nikolic-cropped-scaled-2.jpg","width":2560,"height":1708,"caption":"?????"},{"@type":"BreadcrumbList","@id":"https:\/\/www.interreg-sverige-norge.com\/no\/skap-oppmerksomhet-for-ditt-interreg-prosjekter-gjennom-storytelling\/#breadcrumb","itemListElement":[{"@type":"ListItem","position":1,"name":"Start","item":"https:\/\/www.interreg-sverige-norge.com\/no\/"},{"@type":"ListItem","position":2,"name":"Artikler","item":"https:\/\/www.interreg-sverige-norge.com\/no\/category\/artikler\/"},{"@type":"ListItem","position":3,"name":"Skap oppmerksomhet for ditt Interreg-prosjekter gjennom \u00abStorytelling\u00bb"}]},{"@type":"WebSite","@id":"https:\/\/www.interreg-sverige-norge.com\/no\/#website","url":"https:\/\/www.interreg-sverige-norge.com\/no\/","name":"Interreg Sverige-Norge","description":"","publisher":{"@id":"https:\/\/www.interreg-sverige-norge.com\/no\/#organization"},"potentialAction":[{"@type":"SearchAction","target":{"@type":"EntryPoint","urlTemplate":"https:\/\/www.interreg-sverige-norge.com\/no\/?s={search_term_string}"},"query-input":{"@type":"PropertyValueSpecification","valueRequired":true,"valueName":"search_term_string"}}],"inLanguage":"nb-NO"},{"@type":"Organization","@id":"https:\/\/www.interreg-sverige-norge.com\/no\/#organization","name":"Interreg Sverige\u2013Norge","url":"https:\/\/www.interreg-sverige-norge.com\/no\/","logo":{"@type":"ImageObject","inLanguage":"nb-NO","@id":"https:\/\/www.interreg-sverige-norge.com\/no\/#\/schema\/logo\/image\/","url":"https:\/\/www.interreg-sverige-norge.com\/wp-content\/uploads\/Interreg-logo.svg","contentUrl":"https:\/\/www.interreg-sverige-norge.com\/wp-content\/uploads\/Interreg-logo.svg","width":409,"height":91,"caption":"Interreg Sverige\u2013Norge"},"image":{"@id":"https:\/\/www.interreg-sverige-norge.com\/no\/#\/schema\/logo\/image\/"},"sameAs":["https:\/\/www.facebook.com\/Interreg-Sverige-Norge-543432269147183\/","https:\/\/www.youtube.com\/channel\/UCkwTnZPG8RAJVCppT3vT1Eg"]},{"@type":"Person","@id":"https:\/\/www.interreg-sverige-norge.com\/no\/#\/schema\/person\/7d330759cf4ffb221df5697087f1f836","name":"Marie Bohman L\u00e5te","image":{"@type":"ImageObject","inLanguage":"nb-NO","@id":"https:\/\/secure.gravatar.com\/avatar\/5865f9e965d2628d6c3f81802c209f79471b2ab591b4001ad61f33cfa8ddb41c?s=96&d=mm&r=g","url":"https:\/\/secure.gravatar.com\/avatar\/5865f9e965d2628d6c3f81802c209f79471b2ab591b4001ad61f33cfa8ddb41c?s=96&d=mm&r=g","contentUrl":"https:\/\/secure.gravatar.com\/avatar\/5865f9e965d2628d6c3f81802c209f79471b2ab591b4001ad61f33cfa8ddb41c?s=96&d=mm&r=g","caption":"Marie Bohman L\u00e5te"},"sameAs":["https:\/\/www.interreg-sverige-norge.com\/"]}]}},"_links":{"self":[{"href":"https:\/\/www.interreg-sverige-norge.com\/no\/wp-json\/wp\/v2\/posts\/13034","targetHints":{"allow":["GET"]}}],"collection":[{"href":"https:\/\/www.interreg-sverige-norge.com\/no\/wp-json\/wp\/v2\/posts"}],"about":[{"href":"https:\/\/www.interreg-sverige-norge.com\/no\/wp-json\/wp\/v2\/types\/post"}],"author":[{"embeddable":true,"href":"https:\/\/www.interreg-sverige-norge.com\/no\/wp-json\/wp\/v2\/users\/21"}],"replies":[{"embeddable":true,"href":"https:\/\/www.interreg-sverige-norge.com\/no\/wp-json\/wp\/v2\/comments?post=13034"}],"version-history":[{"count":10,"href":"https:\/\/www.interreg-sverige-norge.com\/no\/wp-json\/wp\/v2\/posts\/13034\/revisions"}],"predecessor-version":[{"id":13086,"href":"https:\/\/www.interreg-sverige-norge.com\/no\/wp-json\/wp\/v2\/posts\/13034\/revisions\/13086"}],"wp:featuredmedia":[{"embeddable":true,"href":"https:\/\/www.interreg-sverige-norge.com\/no\/wp-json\/wp\/v2\/media\/13037"}],"wp:attachment":[{"href":"https:\/\/www.interreg-sverige-norge.com\/no\/wp-json\/wp\/v2\/media?parent=13034"}],"wp:term":[{"taxonomy":"category","embeddable":true,"href":"https:\/\/www.interreg-sverige-norge.com\/no\/wp-json\/wp\/v2\/categories?post=13034"},{"taxonomy":"post_tag","embeddable":true,"href":"https:\/\/www.interreg-sverige-norge.com\/no\/wp-json\/wp\/v2\/tags?post=13034"}],"curies":[{"name":"wp","href":"https:\/\/api.w.org\/{rel}","templated":true}]}}