{"id":11919,"date":"2023-03-13T13:39:08","date_gmt":"2023-03-13T12:39:08","guid":{"rendered":"https:\/\/www.interreg-sverige-norge.com\/2-12-mai-har-du-sjansen\/"},"modified":"2024-01-17T13:26:06","modified_gmt":"2024-01-17T12:26:06","slug":"2-12-mai-har-du-sjansen","status":"publish","type":"post","link":"https:\/\/www.interreg-sverige-norge.com\/no\/2-12-mai-har-du-sjansen\/","title":{"rendered":"2.-12. mai har du sjansen!"},"content":{"rendered":"\n<p><strong>Det er ikke mange som vet hva EU-fondenes penger g\u00e5r til og hvilken forskjell de utgj\u00f8r hjemme, men det vil vi endre p\u00e5! N\u00e5 har du muligheten til \u00e5 vise nytten av prosjektet ditt i kampanjen #EUinmyregion.<\/strong><\/p>\n\n<p>Kampanjen inneb\u00e6rer at prosjekter over hele Sverige inviterer bes\u00f8kende til \u00e5 ta del i deres arbeid og resultater p\u00e5 ulike m\u00e5ter mellom 2.-12. mai. Det kan for eksempel v\u00e6re:<\/p>\n\n<ul class=\"wp-block-list\">\n<li>Seminar<\/li>\n\n\n\n<li>Foredrag<\/li>\n\n\n\n<li>Omvisning<\/li>\n\n\n\n<li>Utstilling<\/li>\n\n\n\n<li>Filmer og artikler<\/li>\n\n\n\n<li>Andre spennende aktiviteter <\/li>\n<\/ul>\n\n<p><\/p>\n\n<p>Et tips er at du ogs\u00e5 inviterer lokale medier og EU-parlamentarikere med lokal tilknytning til ekstra oppmerksomhet! <\/p>\n\n<p>Meldte aktiviteter vil f\u00e5 hjelp til \u00e5 spre informasjon blant annet ved \u00e5 bli sett <a href=\"https:\/\/ec.europa.eu\/regional_policy\/en\/policy\/communication\/euinmyregion\">kampanjekart<\/a> sammen med alle de andre prosjektene som deltar i kampanjen, og siden det er samme kampanje i alle EU-land, vil du bli sett over hele Europa!<\/p>\n\n<p>Mer informasjon og p\u00e5meldingsskjema finner du p\u00e5 <a rel=\"noreferrer noopener\" href=\"https:\/\/eur01.safelinks.protection.outlook.com\/?url=http%3A%2F%2Fwww.eufonder.se%2F&amp;data=05%7C01%7CMalin.Osterman.Hallare%40tillvaxtverket.se%7C7a5ce83e6a714761a83a08db08df3eef%7Ca28f98eaf0f949e4929579ee826679e2%7C0%7C0%7C638113527139754696%7CUnknown%7CTWFpbGZsb3d8eyJWIjoiMC4wLjAwMDAiLCJQIjoiV2luMzIiLCJBTiI6Ik1haWwiLCJXVCI6Mn0%3D%7C3000%7C%7C%7C&amp;sdata=cSjNSmMLtWJ2fuRSBTwQ23rFnzlsZ6k9%2B0bJ7%2FvJKAc%3D&amp;reserved=0\" target=\"_blank\">www.eufonder.se<\/a> <\/p>\n","protected":false},"excerpt":{"rendered":"<p>Det er ikke mange som vet hva EU-fondenes penger g\u00e5r til og hvilken forskjell de utgj\u00f8r hjemme, men det vil vi endre p\u00e5! N\u00e5 har du muligheten til \u00e5 vise nytten av prosjektet ditt i kampanjen #EUinmyregion. Kampanjen inneb\u00e6rer at prosjekter over hele Sverige inviterer bes\u00f8kende til \u00e5 ta del i deres arbeid og resultater [&hellip;]<\/p>\n","protected":false},"author":8,"featured_media":11511,"comment_status":"closed","ping_status":"closed","sticky":false,"template":"","format":"standard","meta":{"_jf_schedule_form":"","_jf_limit_responses":"","footnotes":""},"categories":[145],"tags":[],"class_list":["post-11919","post","type-post","status-publish","format-standard","has-post-thumbnail","hentry","category-artikler"],"yoast_head":"<!-- This site is optimized with the Yoast SEO plugin v27.5 - https:\/\/yoast.com\/product\/yoast-seo-wordpress\/ -->\n<title>2.-12. mai har du sjansen! - Interreg Sverige-Norge<\/title>\n<meta name=\"robots\" content=\"index, follow, max-snippet:-1, max-image-preview:large, max-video-preview:-1\" \/>\n<link rel=\"canonical\" href=\"https:\/\/www.interreg-sverige-norge.com\/no\/2-12-mai-har-du-sjansen\/\" \/>\n<meta property=\"og:locale\" content=\"nb_NO\" \/>\n<meta property=\"og:type\" content=\"article\" \/>\n<meta property=\"og:title\" content=\"2.-12. mai har du sjansen! - Interreg Sverige-Norge\" \/>\n<meta property=\"og:description\" content=\"Det er ikke mange som vet hva EU-fondenes penger g\u00e5r til og hvilken forskjell de utgj\u00f8r hjemme, men det vil vi endre p\u00e5! N\u00e5 har du muligheten til \u00e5 vise nytten av prosjektet ditt i kampanjen #EUinmyregion. Kampanjen inneb\u00e6rer at prosjekter over hele Sverige inviterer bes\u00f8kende til \u00e5 ta del i deres arbeid og resultater [&hellip;]\" \/>\n<meta property=\"og:url\" content=\"https:\/\/www.interreg-sverige-norge.com\/no\/2-12-mai-har-du-sjansen\/\" \/>\n<meta property=\"og:site_name\" content=\"Interreg Sverige-Norge\" \/>\n<meta property=\"article:publisher\" content=\"https:\/\/www.facebook.com\/Interreg-Sverige-Norge-543432269147183\/\" \/>\n<meta property=\"article:published_time\" content=\"2023-03-13T12:39:08+00:00\" \/>\n<meta property=\"article:modified_time\" content=\"2024-01-17T12:26:06+00:00\" \/>\n<meta property=\"og:image\" content=\"https:\/\/www.interreg-sverige-norge.com\/wp-content\/uploads\/Facebook_header_pin.png\" \/>\n\t<meta property=\"og:image:width\" content=\"820\" \/>\n\t<meta property=\"og:image:height\" content=\"312\" \/>\n\t<meta property=\"og:image:type\" content=\"image\/png\" \/>\n<meta name=\"author\" content=\"Wenche Lidberg\" \/>\n<meta name=\"twitter:card\" content=\"summary_large_image\" \/>\n<meta name=\"twitter:label1\" content=\"Skrevet av\" \/>\n\t<meta name=\"twitter:data1\" content=\"Wenche Lidberg\" \/>\n\t<meta name=\"twitter:label2\" content=\"Ansl. lesetid\" \/>\n\t<meta name=\"twitter:data2\" content=\"1 minutt\" \/>\n<script type=\"application\/ld+json\" class=\"yoast-schema-graph\">{\"@context\":\"https:\\\/\\\/schema.org\",\"@graph\":[{\"@type\":\"Article\",\"@id\":\"https:\\\/\\\/www.interreg-sverige-norge.com\\\/no\\\/2-12-mai-har-du-sjansen\\\/#article\",\"isPartOf\":{\"@id\":\"https:\\\/\\\/www.interreg-sverige-norge.com\\\/no\\\/2-12-mai-har-du-sjansen\\\/\"},\"author\":{\"name\":\"Wenche Lidberg\",\"@id\":\"https:\\\/\\\/www.interreg-sverige-norge.com\\\/no\\\/#\\\/schema\\\/person\\\/37a67d33769ab5c0b64fd036dbcd2c3b\"},\"headline\":\"2.-12. mai har du sjansen!\",\"datePublished\":\"2023-03-13T12:39:08+00:00\",\"dateModified\":\"2024-01-17T12:26:06+00:00\",\"mainEntityOfPage\":{\"@id\":\"https:\\\/\\\/www.interreg-sverige-norge.com\\\/no\\\/2-12-mai-har-du-sjansen\\\/\"},\"wordCount\":153,\"publisher\":{\"@id\":\"https:\\\/\\\/www.interreg-sverige-norge.com\\\/no\\\/#organization\"},\"image\":{\"@id\":\"https:\\\/\\\/www.interreg-sverige-norge.com\\\/no\\\/2-12-mai-har-du-sjansen\\\/#primaryimage\"},\"thumbnailUrl\":\"https:\\\/\\\/www.interreg-sverige-norge.com\\\/wp-content\\\/uploads\\\/Facebook_header_pin.png\",\"articleSection\":[\"Artikler\"],\"inLanguage\":\"nb-NO\"},{\"@type\":\"WebPage\",\"@id\":\"https:\\\/\\\/www.interreg-sverige-norge.com\\\/no\\\/2-12-mai-har-du-sjansen\\\/\",\"url\":\"https:\\\/\\\/www.interreg-sverige-norge.com\\\/no\\\/2-12-mai-har-du-sjansen\\\/\",\"name\":\"2.-12. mai har du sjansen! - Interreg Sverige-Norge\",\"isPartOf\":{\"@id\":\"https:\\\/\\\/www.interreg-sverige-norge.com\\\/no\\\/#website\"},\"primaryImageOfPage\":{\"@id\":\"https:\\\/\\\/www.interreg-sverige-norge.com\\\/no\\\/2-12-mai-har-du-sjansen\\\/#primaryimage\"},\"image\":{\"@id\":\"https:\\\/\\\/www.interreg-sverige-norge.com\\\/no\\\/2-12-mai-har-du-sjansen\\\/#primaryimage\"},\"thumbnailUrl\":\"https:\\\/\\\/www.interreg-sverige-norge.com\\\/wp-content\\\/uploads\\\/Facebook_header_pin.png\",\"datePublished\":\"2023-03-13T12:39:08+00:00\",\"dateModified\":\"2024-01-17T12:26:06+00:00\",\"breadcrumb\":{\"@id\":\"https:\\\/\\\/www.interreg-sverige-norge.com\\\/no\\\/2-12-mai-har-du-sjansen\\\/#breadcrumb\"},\"inLanguage\":\"nb-NO\",\"potentialAction\":[{\"@type\":\"ReadAction\",\"target\":[\"https:\\\/\\\/www.interreg-sverige-norge.com\\\/no\\\/2-12-mai-har-du-sjansen\\\/\"]}]},{\"@type\":\"ImageObject\",\"inLanguage\":\"nb-NO\",\"@id\":\"https:\\\/\\\/www.interreg-sverige-norge.com\\\/no\\\/2-12-mai-har-du-sjansen\\\/#primaryimage\",\"url\":\"https:\\\/\\\/www.interreg-sverige-norge.com\\\/wp-content\\\/uploads\\\/Facebook_header_pin.png\",\"contentUrl\":\"https:\\\/\\\/www.interreg-sverige-norge.com\\\/wp-content\\\/uploads\\\/Facebook_header_pin.png\",\"width\":820,\"height\":312},{\"@type\":\"BreadcrumbList\",\"@id\":\"https:\\\/\\\/www.interreg-sverige-norge.com\\\/no\\\/2-12-mai-har-du-sjansen\\\/#breadcrumb\",\"itemListElement\":[{\"@type\":\"ListItem\",\"position\":1,\"name\":\"Start\",\"item\":\"https:\\\/\\\/www.interreg-sverige-norge.com\\\/no\\\/\"},{\"@type\":\"ListItem\",\"position\":2,\"name\":\"2.-12. mai har du sjansen!\"}]},{\"@type\":\"WebSite\",\"@id\":\"https:\\\/\\\/www.interreg-sverige-norge.com\\\/no\\\/#website\",\"url\":\"https:\\\/\\\/www.interreg-sverige-norge.com\\\/no\\\/\",\"name\":\"Interreg Sverige-Norge\",\"description\":\"\",\"publisher\":{\"@id\":\"https:\\\/\\\/www.interreg-sverige-norge.com\\\/no\\\/#organization\"},\"potentialAction\":[{\"@type\":\"SearchAction\",\"target\":{\"@type\":\"EntryPoint\",\"urlTemplate\":\"https:\\\/\\\/www.interreg-sverige-norge.com\\\/no\\\/?s={search_term_string}\"},\"query-input\":{\"@type\":\"PropertyValueSpecification\",\"valueRequired\":true,\"valueName\":\"search_term_string\"}}],\"inLanguage\":\"nb-NO\"},{\"@type\":\"Organization\",\"@id\":\"https:\\\/\\\/www.interreg-sverige-norge.com\\\/no\\\/#organization\",\"name\":\"Interreg Sverige\u2013Norge\",\"url\":\"https:\\\/\\\/www.interreg-sverige-norge.com\\\/no\\\/\",\"logo\":{\"@type\":\"ImageObject\",\"inLanguage\":\"nb-NO\",\"@id\":\"https:\\\/\\\/www.interreg-sverige-norge.com\\\/no\\\/#\\\/schema\\\/logo\\\/image\\\/\",\"url\":\"https:\\\/\\\/www.interreg-sverige-norge.com\\\/wp-content\\\/uploads\\\/Interreg-logo.svg\",\"contentUrl\":\"https:\\\/\\\/www.interreg-sverige-norge.com\\\/wp-content\\\/uploads\\\/Interreg-logo.svg\",\"width\":409,\"height\":91,\"caption\":\"Interreg Sverige\u2013Norge\"},\"image\":{\"@id\":\"https:\\\/\\\/www.interreg-sverige-norge.com\\\/no\\\/#\\\/schema\\\/logo\\\/image\\\/\"},\"sameAs\":[\"https:\\\/\\\/www.facebook.com\\\/Interreg-Sverige-Norge-543432269147183\\\/\",\"https:\\\/\\\/www.youtube.com\\\/channel\\\/UCkwTnZPG8RAJVCppT3vT1Eg\"]},{\"@type\":\"Person\",\"@id\":\"https:\\\/\\\/www.interreg-sverige-norge.com\\\/no\\\/#\\\/schema\\\/person\\\/37a67d33769ab5c0b64fd036dbcd2c3b\",\"name\":\"Wenche Lidberg\",\"image\":{\"@type\":\"ImageObject\",\"inLanguage\":\"nb-NO\",\"@id\":\"https:\\\/\\\/secure.gravatar.com\\\/avatar\\\/5dd91c78d4df9a3dc0522542946839f0fa1a4562220a38504f54630bf3e1981d?s=96&d=mm&r=g\",\"url\":\"https:\\\/\\\/secure.gravatar.com\\\/avatar\\\/5dd91c78d4df9a3dc0522542946839f0fa1a4562220a38504f54630bf3e1981d?s=96&d=mm&r=g\",\"contentUrl\":\"https:\\\/\\\/secure.gravatar.com\\\/avatar\\\/5dd91c78d4df9a3dc0522542946839f0fa1a4562220a38504f54630bf3e1981d?s=96&d=mm&r=g\",\"caption\":\"Wenche Lidberg\"}}]}<\/script>\n<!-- \/ Yoast SEO plugin. -->","yoast_head_json":{"title":"2.-12. mai har du sjansen! - Interreg Sverige-Norge","robots":{"index":"index","follow":"follow","max-snippet":"max-snippet:-1","max-image-preview":"max-image-preview:large","max-video-preview":"max-video-preview:-1"},"canonical":"https:\/\/www.interreg-sverige-norge.com\/no\/2-12-mai-har-du-sjansen\/","og_locale":"nb_NO","og_type":"article","og_title":"2.-12. mai har du sjansen! - Interreg Sverige-Norge","og_description":"Det er ikke mange som vet hva EU-fondenes penger g\u00e5r til og hvilken forskjell de utgj\u00f8r hjemme, men det vil vi endre p\u00e5! N\u00e5 har du muligheten til \u00e5 vise nytten av prosjektet ditt i kampanjen #EUinmyregion. Kampanjen inneb\u00e6rer at prosjekter over hele Sverige inviterer bes\u00f8kende til \u00e5 ta del i deres arbeid og resultater [&hellip;]","og_url":"https:\/\/www.interreg-sverige-norge.com\/no\/2-12-mai-har-du-sjansen\/","og_site_name":"Interreg Sverige-Norge","article_publisher":"https:\/\/www.facebook.com\/Interreg-Sverige-Norge-543432269147183\/","article_published_time":"2023-03-13T12:39:08+00:00","article_modified_time":"2024-01-17T12:26:06+00:00","og_image":[{"width":820,"height":312,"url":"https:\/\/www.interreg-sverige-norge.com\/wp-content\/uploads\/Facebook_header_pin.png","type":"image\/png"}],"author":"Wenche Lidberg","twitter_card":"summary_large_image","twitter_misc":{"Skrevet av":"Wenche Lidberg","Ansl. lesetid":"1 minutt"},"schema":{"@context":"https:\/\/schema.org","@graph":[{"@type":"Article","@id":"https:\/\/www.interreg-sverige-norge.com\/no\/2-12-mai-har-du-sjansen\/#article","isPartOf":{"@id":"https:\/\/www.interreg-sverige-norge.com\/no\/2-12-mai-har-du-sjansen\/"},"author":{"name":"Wenche Lidberg","@id":"https:\/\/www.interreg-sverige-norge.com\/no\/#\/schema\/person\/37a67d33769ab5c0b64fd036dbcd2c3b"},"headline":"2.-12. mai har du sjansen!","datePublished":"2023-03-13T12:39:08+00:00","dateModified":"2024-01-17T12:26:06+00:00","mainEntityOfPage":{"@id":"https:\/\/www.interreg-sverige-norge.com\/no\/2-12-mai-har-du-sjansen\/"},"wordCount":153,"publisher":{"@id":"https:\/\/www.interreg-sverige-norge.com\/no\/#organization"},"image":{"@id":"https:\/\/www.interreg-sverige-norge.com\/no\/2-12-mai-har-du-sjansen\/#primaryimage"},"thumbnailUrl":"https:\/\/www.interreg-sverige-norge.com\/wp-content\/uploads\/Facebook_header_pin.png","articleSection":["Artikler"],"inLanguage":"nb-NO"},{"@type":"WebPage","@id":"https:\/\/www.interreg-sverige-norge.com\/no\/2-12-mai-har-du-sjansen\/","url":"https:\/\/www.interreg-sverige-norge.com\/no\/2-12-mai-har-du-sjansen\/","name":"2.-12. mai har du sjansen! - Interreg Sverige-Norge","isPartOf":{"@id":"https:\/\/www.interreg-sverige-norge.com\/no\/#website"},"primaryImageOfPage":{"@id":"https:\/\/www.interreg-sverige-norge.com\/no\/2-12-mai-har-du-sjansen\/#primaryimage"},"image":{"@id":"https:\/\/www.interreg-sverige-norge.com\/no\/2-12-mai-har-du-sjansen\/#primaryimage"},"thumbnailUrl":"https:\/\/www.interreg-sverige-norge.com\/wp-content\/uploads\/Facebook_header_pin.png","datePublished":"2023-03-13T12:39:08+00:00","dateModified":"2024-01-17T12:26:06+00:00","breadcrumb":{"@id":"https:\/\/www.interreg-sverige-norge.com\/no\/2-12-mai-har-du-sjansen\/#breadcrumb"},"inLanguage":"nb-NO","potentialAction":[{"@type":"ReadAction","target":["https:\/\/www.interreg-sverige-norge.com\/no\/2-12-mai-har-du-sjansen\/"]}]},{"@type":"ImageObject","inLanguage":"nb-NO","@id":"https:\/\/www.interreg-sverige-norge.com\/no\/2-12-mai-har-du-sjansen\/#primaryimage","url":"https:\/\/www.interreg-sverige-norge.com\/wp-content\/uploads\/Facebook_header_pin.png","contentUrl":"https:\/\/www.interreg-sverige-norge.com\/wp-content\/uploads\/Facebook_header_pin.png","width":820,"height":312},{"@type":"BreadcrumbList","@id":"https:\/\/www.interreg-sverige-norge.com\/no\/2-12-mai-har-du-sjansen\/#breadcrumb","itemListElement":[{"@type":"ListItem","position":1,"name":"Start","item":"https:\/\/www.interreg-sverige-norge.com\/no\/"},{"@type":"ListItem","position":2,"name":"2.-12. mai har du sjansen!"}]},{"@type":"WebSite","@id":"https:\/\/www.interreg-sverige-norge.com\/no\/#website","url":"https:\/\/www.interreg-sverige-norge.com\/no\/","name":"Interreg Sverige-Norge","description":"","publisher":{"@id":"https:\/\/www.interreg-sverige-norge.com\/no\/#organization"},"potentialAction":[{"@type":"SearchAction","target":{"@type":"EntryPoint","urlTemplate":"https:\/\/www.interreg-sverige-norge.com\/no\/?s={search_term_string}"},"query-input":{"@type":"PropertyValueSpecification","valueRequired":true,"valueName":"search_term_string"}}],"inLanguage":"nb-NO"},{"@type":"Organization","@id":"https:\/\/www.interreg-sverige-norge.com\/no\/#organization","name":"Interreg Sverige\u2013Norge","url":"https:\/\/www.interreg-sverige-norge.com\/no\/","logo":{"@type":"ImageObject","inLanguage":"nb-NO","@id":"https:\/\/www.interreg-sverige-norge.com\/no\/#\/schema\/logo\/image\/","url":"https:\/\/www.interreg-sverige-norge.com\/wp-content\/uploads\/Interreg-logo.svg","contentUrl":"https:\/\/www.interreg-sverige-norge.com\/wp-content\/uploads\/Interreg-logo.svg","width":409,"height":91,"caption":"Interreg Sverige\u2013Norge"},"image":{"@id":"https:\/\/www.interreg-sverige-norge.com\/no\/#\/schema\/logo\/image\/"},"sameAs":["https:\/\/www.facebook.com\/Interreg-Sverige-Norge-543432269147183\/","https:\/\/www.youtube.com\/channel\/UCkwTnZPG8RAJVCppT3vT1Eg"]},{"@type":"Person","@id":"https:\/\/www.interreg-sverige-norge.com\/no\/#\/schema\/person\/37a67d33769ab5c0b64fd036dbcd2c3b","name":"Wenche Lidberg","image":{"@type":"ImageObject","inLanguage":"nb-NO","@id":"https:\/\/secure.gravatar.com\/avatar\/5dd91c78d4df9a3dc0522542946839f0fa1a4562220a38504f54630bf3e1981d?s=96&d=mm&r=g","url":"https:\/\/secure.gravatar.com\/avatar\/5dd91c78d4df9a3dc0522542946839f0fa1a4562220a38504f54630bf3e1981d?s=96&d=mm&r=g","contentUrl":"https:\/\/secure.gravatar.com\/avatar\/5dd91c78d4df9a3dc0522542946839f0fa1a4562220a38504f54630bf3e1981d?s=96&d=mm&r=g","caption":"Wenche Lidberg"}}]}},"_links":{"self":[{"href":"https:\/\/www.interreg-sverige-norge.com\/no\/wp-json\/wp\/v2\/posts\/11919","targetHints":{"allow":["GET"]}}],"collection":[{"href":"https:\/\/www.interreg-sverige-norge.com\/no\/wp-json\/wp\/v2\/posts"}],"about":[{"href":"https:\/\/www.interreg-sverige-norge.com\/no\/wp-json\/wp\/v2\/types\/post"}],"author":[{"embeddable":true,"href":"https:\/\/www.interreg-sverige-norge.com\/no\/wp-json\/wp\/v2\/users\/8"}],"replies":[{"embeddable":true,"href":"https:\/\/www.interreg-sverige-norge.com\/no\/wp-json\/wp\/v2\/comments?post=11919"}],"version-history":[{"count":0,"href":"https:\/\/www.interreg-sverige-norge.com\/no\/wp-json\/wp\/v2\/posts\/11919\/revisions"}],"wp:featuredmedia":[{"embeddable":true,"href":"https:\/\/www.interreg-sverige-norge.com\/no\/wp-json\/wp\/v2\/media\/11511"}],"wp:attachment":[{"href":"https:\/\/www.interreg-sverige-norge.com\/no\/wp-json\/wp\/v2\/media?parent=11919"}],"wp:term":[{"taxonomy":"category","embeddable":true,"href":"https:\/\/www.interreg-sverige-norge.com\/no\/wp-json\/wp\/v2\/categories?post=11919"},{"taxonomy":"post_tag","embeddable":true,"href":"https:\/\/www.interreg-sverige-norge.com\/no\/wp-json\/wp\/v2\/tags?post=11919"}],"curies":[{"name":"wp","href":"https:\/\/api.w.org\/{rel}","templated":true}]}}