{"id":11905,"date":"2022-10-18T16:38:45","date_gmt":"2022-10-18T14:38:45","guid":{"rendered":"https:\/\/www.interreg-sverige-norge.com\/interreg-sverige-norge-stotter-tre-nye-prosjekter\/"},"modified":"2024-01-17T13:08:16","modified_gmt":"2024-01-17T12:08:16","slug":"interreg-sverige-norge-stotter-tre-nye-prosjekter","status":"publish","type":"post","link":"https:\/\/www.interreg-sverige-norge.com\/no\/interreg-sverige-norge-stotter-tre-nye-prosjekter\/","title":{"rendered":"Interreg Sverige-Norge st\u00f8tter tre nye prosjekter"},"content":{"rendered":"\n<p>Prosjektene ExpandE, Integrert grenseregion og Design, kunst og arkitektur som reisegrunn er prosjekter som bidrar til et sterkt samarbeid mellom Sverige og Norge. Disse prosjektene fokuserer alle p\u00e5 \u00e5 utvikle grenseregionen med innovative ideer innen ulike bransjer.<\/p>\n\n<p>Prosjektene ble prioritert av Overv\u00e5kingsutvalget 28. september 2022.<\/p>\n\n<p>Totalt er det bevilget EUR 1.374.779 til prosjektene i Sentrale Skandinavia. St\u00f8tten best\u00e5r av 1 005 538 euro fra European Regional Development Fund og 369 241 euro fra norske statlige IR-midler.<\/p>\n\n<p><\/p>\n\n<h2 class=\"wp-block-heading\">ExpandE<\/h2>\n\n<p>Prosjektet eies av Civilisationen og Vilja AS, som \u00f8nsker \u00e5 styrke effektiviteten i arbeidsmarkedet ved \u00e5 legge forholdene til rette for at unge langt fra arbeidsmarkedet kan bli arbeidsdyktige p\u00e5 andre siden av grensen. Dette skal skje gjennom digital arbeidsplassoppl\u00e6ring, studiebes\u00f8k og praksisplasser over grensen. Prosjektet skal ogs\u00e5 trene unge mennesker i entrepren\u00f8rskap p\u00e5 begge sider av grensen.<\/p>\n\n<p>Totalbudsjettet er p\u00e5 448.731 euro, hvorav 194.450 euro er st\u00f8tte fra European Regional Development Fund og 74.788 euro er norske IR-midler. Prosjektperioden er tre \u00e5r.<\/p>\n\n<p>Kontaktpersoner er: <\/p>\n\n<p>Tomas F\u00e4ndriks, e-post: tomas@civilisationen.org, telefon: +46702778880<\/p>\n\n<p>Lars Erik Brenna, e-post: lars.erik@vilja-vekst.no, telefon: +4748237960<\/p>\n\n<h2 class=\"wp-block-heading\">Integrert grenseregion<\/h2>\n\n<p><\/p>\n\n<p>Prosjektets fokus er p\u00e5 integrering og samarbeid etter COVID-19 innenfor n\u00e6ringslivet i grenseregionene Viken og V\u00e4stra G\u00f6taland. Prosjektet skal arbeide for \u00e5 identifisere og l\u00f8se grensehindre og arbeide for langsiktig samarbeid med \u00e5pne grenser.<\/p>\n\n<p>Totalbudsjettet er p\u00e5 EUR 836.913, hvorav EUR 356.169 er st\u00f8tte fra European Regional Development Fund og EUR 144.480 er norske IR-midler. Prosjektperioden er tre \u00e5r.<\/p>\n\n<p>Kontaktpersoner er:<\/p>\n\n<p>Camilla Spennare, e-post: camilla.spennare@svinesundskommitten.com, telefon: +4670862417<\/p>\n\n<p>Tore Hansen, e-post: torehan@viken.no<\/p>\n\n<h2 class=\"wp-block-heading\">Design, kunst og arkitektur som grunner til \u00e5 reise<\/h2>\n\n<p><\/p>\n\n<p>Design, kunst, friluftskunst og arkitektur er uutnyttede ressurser fra et reiselivsperspektiv i grenseregionen V\u00e4rmland-Inlandet-Viken.<\/p>\n\n<p>Prosjektet \u00f8nsker \u00e5 \u00f8ke konkurransekraften til SMB-ene i omr\u00e5det, bidra til flere bes\u00f8k, gjested\u00f8gn og inntekter. For \u00e5 \u00f8ke verdien av produktene og for \u00e5 skape b\u00e6rekraft, m\u00e5 digitalisering brukes som et sentralt verkt\u00f8y.<\/p>\n\n<p>Totalbudsjettet er p\u00e5 1 023 220 euro, hvorav 454 919 euro er st\u00f8tte fra European Regional Development Fund og 149 973 euro er norske IR-midler. Prosjektperioden er tre \u00e5r.<\/p>\n\n<p>Kontaktpersoner er:<\/p>\n\n<p>John Zafaradl, e-post: johnzafaradl@gmail.com, telefon: +46702605648<\/p>\n\n<p>Knut Aandal, e-post: knut@akershus.com, telefon: +4790772715<\/p>\n","protected":false},"excerpt":{"rendered":"<p>Prosjektene ExpandE, Integrert grenseregion og Design, kunst og arkitektur som reisegrunn er prosjekter som bidrar til et sterkt samarbeid mellom Sverige og Norge. Disse prosjektene fokuserer alle p\u00e5 \u00e5 utvikle grenseregionen med innovative ideer innen ulike bransjer. Prosjektene ble prioritert av Overv\u00e5kingsutvalget 28. september 2022. Totalt er det bevilget EUR 1.374.779 til prosjektene i Sentrale [&hellip;]<\/p>\n","protected":false},"author":8,"featured_media":11474,"comment_status":"closed","ping_status":"closed","sticky":false,"template":"","format":"standard","meta":{"_jf_schedule_form":"","_jf_limit_responses":"","footnotes":""},"categories":[145],"tags":[155,153,154],"class_list":["post-11905","post","type-post","status-publish","format-standard","has-post-thumbnail","hentry","category-artikler","tag-design-no","tag-expande-no","tag-integrert-grenseregion"],"yoast_head":"<!-- This site is optimized with the Yoast SEO plugin v27.4 - https:\/\/yoast.com\/product\/yoast-seo-wordpress\/ -->\n<title>Interreg Sverige-Norge st\u00f8tter tre nye prosjekter - Interreg Sverige-Norge<\/title>\n<meta name=\"robots\" content=\"index, follow, max-snippet:-1, max-image-preview:large, max-video-preview:-1\" \/>\n<link rel=\"canonical\" href=\"https:\/\/www.interreg-sverige-norge.com\/no\/interreg-sverige-norge-stotter-tre-nye-prosjekter\/\" \/>\n<meta property=\"og:locale\" content=\"nb_NO\" \/>\n<meta property=\"og:type\" content=\"article\" \/>\n<meta property=\"og:title\" content=\"Interreg Sverige-Norge st\u00f8tter tre nye prosjekter - Interreg Sverige-Norge\" \/>\n<meta property=\"og:description\" content=\"Prosjektene ExpandE, Integrert grenseregion og Design, kunst og arkitektur som reisegrunn er prosjekter som bidrar til et sterkt samarbeid mellom Sverige og Norge. Disse prosjektene fokuserer alle p\u00e5 \u00e5 utvikle grenseregionen med innovative ideer innen ulike bransjer. Prosjektene ble prioritert av Overv\u00e5kingsutvalget 28. september 2022. Totalt er det bevilget EUR 1.374.779 til prosjektene i Sentrale [&hellip;]\" \/>\n<meta property=\"og:url\" content=\"https:\/\/www.interreg-sverige-norge.com\/no\/interreg-sverige-norge-stotter-tre-nye-prosjekter\/\" \/>\n<meta property=\"og:site_name\" content=\"Interreg Sverige-Norge\" \/>\n<meta property=\"article:publisher\" content=\"https:\/\/www.facebook.com\/Interreg-Sverige-Norge-543432269147183\/\" \/>\n<meta property=\"article:published_time\" content=\"2022-10-18T14:38:45+00:00\" \/>\n<meta property=\"article:modified_time\" content=\"2024-01-17T12:08:16+00:00\" \/>\n<meta property=\"og:image\" content=\"https:\/\/www.interreg-sverige-norge.com\/wp-content\/uploads\/flaggor-116-scaled.jpg\" \/>\n\t<meta property=\"og:image:width\" content=\"2560\" \/>\n\t<meta property=\"og:image:height\" content=\"1707\" \/>\n\t<meta property=\"og:image:type\" content=\"image\/jpeg\" \/>\n<meta name=\"author\" content=\"Wenche Lidberg\" \/>\n<meta name=\"twitter:card\" content=\"summary_large_image\" \/>\n<meta name=\"twitter:label1\" content=\"Skrevet av\" \/>\n\t<meta name=\"twitter:data1\" content=\"Wenche Lidberg\" \/>\n\t<meta name=\"twitter:label2\" content=\"Ansl. lesetid\" \/>\n\t<meta name=\"twitter:data2\" content=\"2 minutter\" \/>\n<script type=\"application\/ld+json\" class=\"yoast-schema-graph\">{\"@context\":\"https:\\\/\\\/schema.org\",\"@graph\":[{\"@type\":\"Article\",\"@id\":\"https:\\\/\\\/www.interreg-sverige-norge.com\\\/no\\\/interreg-sverige-norge-stotter-tre-nye-prosjekter\\\/#article\",\"isPartOf\":{\"@id\":\"https:\\\/\\\/www.interreg-sverige-norge.com\\\/no\\\/interreg-sverige-norge-stotter-tre-nye-prosjekter\\\/\"},\"author\":{\"name\":\"Wenche Lidberg\",\"@id\":\"https:\\\/\\\/www.interreg-sverige-norge.com\\\/no\\\/#\\\/schema\\\/person\\\/37a67d33769ab5c0b64fd036dbcd2c3b\"},\"headline\":\"Interreg Sverige-Norge st\u00f8tter tre nye prosjekter\",\"datePublished\":\"2022-10-18T14:38:45+00:00\",\"dateModified\":\"2024-01-17T12:08:16+00:00\",\"mainEntityOfPage\":{\"@id\":\"https:\\\/\\\/www.interreg-sverige-norge.com\\\/no\\\/interreg-sverige-norge-stotter-tre-nye-prosjekter\\\/\"},\"wordCount\":355,\"publisher\":{\"@id\":\"https:\\\/\\\/www.interreg-sverige-norge.com\\\/no\\\/#organization\"},\"image\":{\"@id\":\"https:\\\/\\\/www.interreg-sverige-norge.com\\\/no\\\/interreg-sverige-norge-stotter-tre-nye-prosjekter\\\/#primaryimage\"},\"thumbnailUrl\":\"https:\\\/\\\/www.interreg-sverige-norge.com\\\/wp-content\\\/uploads\\\/flaggor-116-scaled.jpg\",\"keywords\":[\"Design\",\"ExpandE\",\"Integrert grenseregion\"],\"articleSection\":[\"Artikler\"],\"inLanguage\":\"nb-NO\"},{\"@type\":\"WebPage\",\"@id\":\"https:\\\/\\\/www.interreg-sverige-norge.com\\\/no\\\/interreg-sverige-norge-stotter-tre-nye-prosjekter\\\/\",\"url\":\"https:\\\/\\\/www.interreg-sverige-norge.com\\\/no\\\/interreg-sverige-norge-stotter-tre-nye-prosjekter\\\/\",\"name\":\"Interreg Sverige-Norge st\u00f8tter tre nye prosjekter - Interreg Sverige-Norge\",\"isPartOf\":{\"@id\":\"https:\\\/\\\/www.interreg-sverige-norge.com\\\/no\\\/#website\"},\"primaryImageOfPage\":{\"@id\":\"https:\\\/\\\/www.interreg-sverige-norge.com\\\/no\\\/interreg-sverige-norge-stotter-tre-nye-prosjekter\\\/#primaryimage\"},\"image\":{\"@id\":\"https:\\\/\\\/www.interreg-sverige-norge.com\\\/no\\\/interreg-sverige-norge-stotter-tre-nye-prosjekter\\\/#primaryimage\"},\"thumbnailUrl\":\"https:\\\/\\\/www.interreg-sverige-norge.com\\\/wp-content\\\/uploads\\\/flaggor-116-scaled.jpg\",\"datePublished\":\"2022-10-18T14:38:45+00:00\",\"dateModified\":\"2024-01-17T12:08:16+00:00\",\"breadcrumb\":{\"@id\":\"https:\\\/\\\/www.interreg-sverige-norge.com\\\/no\\\/interreg-sverige-norge-stotter-tre-nye-prosjekter\\\/#breadcrumb\"},\"inLanguage\":\"nb-NO\",\"potentialAction\":[{\"@type\":\"ReadAction\",\"target\":[\"https:\\\/\\\/www.interreg-sverige-norge.com\\\/no\\\/interreg-sverige-norge-stotter-tre-nye-prosjekter\\\/\"]}]},{\"@type\":\"ImageObject\",\"inLanguage\":\"nb-NO\",\"@id\":\"https:\\\/\\\/www.interreg-sverige-norge.com\\\/no\\\/interreg-sverige-norge-stotter-tre-nye-prosjekter\\\/#primaryimage\",\"url\":\"https:\\\/\\\/www.interreg-sverige-norge.com\\\/wp-content\\\/uploads\\\/flaggor-116-scaled.jpg\",\"contentUrl\":\"https:\\\/\\\/www.interreg-sverige-norge.com\\\/wp-content\\\/uploads\\\/flaggor-116-scaled.jpg\",\"width\":2560,\"height\":1707},{\"@type\":\"BreadcrumbList\",\"@id\":\"https:\\\/\\\/www.interreg-sverige-norge.com\\\/no\\\/interreg-sverige-norge-stotter-tre-nye-prosjekter\\\/#breadcrumb\",\"itemListElement\":[{\"@type\":\"ListItem\",\"position\":1,\"name\":\"Start\",\"item\":\"https:\\\/\\\/www.interreg-sverige-norge.com\\\/no\\\/\"},{\"@type\":\"ListItem\",\"position\":2,\"name\":\"Interreg Sverige-Norge st\u00f8tter tre nye prosjekter\"}]},{\"@type\":\"WebSite\",\"@id\":\"https:\\\/\\\/www.interreg-sverige-norge.com\\\/no\\\/#website\",\"url\":\"https:\\\/\\\/www.interreg-sverige-norge.com\\\/no\\\/\",\"name\":\"Interreg Sverige-Norge\",\"description\":\"\",\"publisher\":{\"@id\":\"https:\\\/\\\/www.interreg-sverige-norge.com\\\/no\\\/#organization\"},\"potentialAction\":[{\"@type\":\"SearchAction\",\"target\":{\"@type\":\"EntryPoint\",\"urlTemplate\":\"https:\\\/\\\/www.interreg-sverige-norge.com\\\/no\\\/?s={search_term_string}\"},\"query-input\":{\"@type\":\"PropertyValueSpecification\",\"valueRequired\":true,\"valueName\":\"search_term_string\"}}],\"inLanguage\":\"nb-NO\"},{\"@type\":\"Organization\",\"@id\":\"https:\\\/\\\/www.interreg-sverige-norge.com\\\/no\\\/#organization\",\"name\":\"Interreg Sverige\u2013Norge\",\"url\":\"https:\\\/\\\/www.interreg-sverige-norge.com\\\/no\\\/\",\"logo\":{\"@type\":\"ImageObject\",\"inLanguage\":\"nb-NO\",\"@id\":\"https:\\\/\\\/www.interreg-sverige-norge.com\\\/no\\\/#\\\/schema\\\/logo\\\/image\\\/\",\"url\":\"https:\\\/\\\/www.interreg-sverige-norge.com\\\/wp-content\\\/uploads\\\/Interreg-logo.svg\",\"contentUrl\":\"https:\\\/\\\/www.interreg-sverige-norge.com\\\/wp-content\\\/uploads\\\/Interreg-logo.svg\",\"width\":409,\"height\":91,\"caption\":\"Interreg Sverige\u2013Norge\"},\"image\":{\"@id\":\"https:\\\/\\\/www.interreg-sverige-norge.com\\\/no\\\/#\\\/schema\\\/logo\\\/image\\\/\"},\"sameAs\":[\"https:\\\/\\\/www.facebook.com\\\/Interreg-Sverige-Norge-543432269147183\\\/\",\"https:\\\/\\\/www.youtube.com\\\/channel\\\/UCkwTnZPG8RAJVCppT3vT1Eg\"]},{\"@type\":\"Person\",\"@id\":\"https:\\\/\\\/www.interreg-sverige-norge.com\\\/no\\\/#\\\/schema\\\/person\\\/37a67d33769ab5c0b64fd036dbcd2c3b\",\"name\":\"Wenche Lidberg\",\"image\":{\"@type\":\"ImageObject\",\"inLanguage\":\"nb-NO\",\"@id\":\"https:\\\/\\\/secure.gravatar.com\\\/avatar\\\/5dd91c78d4df9a3dc0522542946839f0fa1a4562220a38504f54630bf3e1981d?s=96&d=mm&r=g\",\"url\":\"https:\\\/\\\/secure.gravatar.com\\\/avatar\\\/5dd91c78d4df9a3dc0522542946839f0fa1a4562220a38504f54630bf3e1981d?s=96&d=mm&r=g\",\"contentUrl\":\"https:\\\/\\\/secure.gravatar.com\\\/avatar\\\/5dd91c78d4df9a3dc0522542946839f0fa1a4562220a38504f54630bf3e1981d?s=96&d=mm&r=g\",\"caption\":\"Wenche Lidberg\"}}]}<\/script>\n<!-- \/ Yoast SEO plugin. -->","yoast_head_json":{"title":"Interreg Sverige-Norge st\u00f8tter tre nye prosjekter - Interreg Sverige-Norge","robots":{"index":"index","follow":"follow","max-snippet":"max-snippet:-1","max-image-preview":"max-image-preview:large","max-video-preview":"max-video-preview:-1"},"canonical":"https:\/\/www.interreg-sverige-norge.com\/no\/interreg-sverige-norge-stotter-tre-nye-prosjekter\/","og_locale":"nb_NO","og_type":"article","og_title":"Interreg Sverige-Norge st\u00f8tter tre nye prosjekter - Interreg Sverige-Norge","og_description":"Prosjektene ExpandE, Integrert grenseregion og Design, kunst og arkitektur som reisegrunn er prosjekter som bidrar til et sterkt samarbeid mellom Sverige og Norge. Disse prosjektene fokuserer alle p\u00e5 \u00e5 utvikle grenseregionen med innovative ideer innen ulike bransjer. Prosjektene ble prioritert av Overv\u00e5kingsutvalget 28. september 2022. Totalt er det bevilget EUR 1.374.779 til prosjektene i Sentrale [&hellip;]","og_url":"https:\/\/www.interreg-sverige-norge.com\/no\/interreg-sverige-norge-stotter-tre-nye-prosjekter\/","og_site_name":"Interreg Sverige-Norge","article_publisher":"https:\/\/www.facebook.com\/Interreg-Sverige-Norge-543432269147183\/","article_published_time":"2022-10-18T14:38:45+00:00","article_modified_time":"2024-01-17T12:08:16+00:00","og_image":[{"width":2560,"height":1707,"url":"https:\/\/www.interreg-sverige-norge.com\/wp-content\/uploads\/flaggor-116-scaled.jpg","type":"image\/jpeg"}],"author":"Wenche Lidberg","twitter_card":"summary_large_image","twitter_misc":{"Skrevet av":"Wenche Lidberg","Ansl. lesetid":"2 minutter"},"schema":{"@context":"https:\/\/schema.org","@graph":[{"@type":"Article","@id":"https:\/\/www.interreg-sverige-norge.com\/no\/interreg-sverige-norge-stotter-tre-nye-prosjekter\/#article","isPartOf":{"@id":"https:\/\/www.interreg-sverige-norge.com\/no\/interreg-sverige-norge-stotter-tre-nye-prosjekter\/"},"author":{"name":"Wenche Lidberg","@id":"https:\/\/www.interreg-sverige-norge.com\/no\/#\/schema\/person\/37a67d33769ab5c0b64fd036dbcd2c3b"},"headline":"Interreg Sverige-Norge st\u00f8tter tre nye prosjekter","datePublished":"2022-10-18T14:38:45+00:00","dateModified":"2024-01-17T12:08:16+00:00","mainEntityOfPage":{"@id":"https:\/\/www.interreg-sverige-norge.com\/no\/interreg-sverige-norge-stotter-tre-nye-prosjekter\/"},"wordCount":355,"publisher":{"@id":"https:\/\/www.interreg-sverige-norge.com\/no\/#organization"},"image":{"@id":"https:\/\/www.interreg-sverige-norge.com\/no\/interreg-sverige-norge-stotter-tre-nye-prosjekter\/#primaryimage"},"thumbnailUrl":"https:\/\/www.interreg-sverige-norge.com\/wp-content\/uploads\/flaggor-116-scaled.jpg","keywords":["Design","ExpandE","Integrert grenseregion"],"articleSection":["Artikler"],"inLanguage":"nb-NO"},{"@type":"WebPage","@id":"https:\/\/www.interreg-sverige-norge.com\/no\/interreg-sverige-norge-stotter-tre-nye-prosjekter\/","url":"https:\/\/www.interreg-sverige-norge.com\/no\/interreg-sverige-norge-stotter-tre-nye-prosjekter\/","name":"Interreg Sverige-Norge st\u00f8tter tre nye prosjekter - Interreg Sverige-Norge","isPartOf":{"@id":"https:\/\/www.interreg-sverige-norge.com\/no\/#website"},"primaryImageOfPage":{"@id":"https:\/\/www.interreg-sverige-norge.com\/no\/interreg-sverige-norge-stotter-tre-nye-prosjekter\/#primaryimage"},"image":{"@id":"https:\/\/www.interreg-sverige-norge.com\/no\/interreg-sverige-norge-stotter-tre-nye-prosjekter\/#primaryimage"},"thumbnailUrl":"https:\/\/www.interreg-sverige-norge.com\/wp-content\/uploads\/flaggor-116-scaled.jpg","datePublished":"2022-10-18T14:38:45+00:00","dateModified":"2024-01-17T12:08:16+00:00","breadcrumb":{"@id":"https:\/\/www.interreg-sverige-norge.com\/no\/interreg-sverige-norge-stotter-tre-nye-prosjekter\/#breadcrumb"},"inLanguage":"nb-NO","potentialAction":[{"@type":"ReadAction","target":["https:\/\/www.interreg-sverige-norge.com\/no\/interreg-sverige-norge-stotter-tre-nye-prosjekter\/"]}]},{"@type":"ImageObject","inLanguage":"nb-NO","@id":"https:\/\/www.interreg-sverige-norge.com\/no\/interreg-sverige-norge-stotter-tre-nye-prosjekter\/#primaryimage","url":"https:\/\/www.interreg-sverige-norge.com\/wp-content\/uploads\/flaggor-116-scaled.jpg","contentUrl":"https:\/\/www.interreg-sverige-norge.com\/wp-content\/uploads\/flaggor-116-scaled.jpg","width":2560,"height":1707},{"@type":"BreadcrumbList","@id":"https:\/\/www.interreg-sverige-norge.com\/no\/interreg-sverige-norge-stotter-tre-nye-prosjekter\/#breadcrumb","itemListElement":[{"@type":"ListItem","position":1,"name":"Start","item":"https:\/\/www.interreg-sverige-norge.com\/no\/"},{"@type":"ListItem","position":2,"name":"Interreg Sverige-Norge st\u00f8tter tre nye prosjekter"}]},{"@type":"WebSite","@id":"https:\/\/www.interreg-sverige-norge.com\/no\/#website","url":"https:\/\/www.interreg-sverige-norge.com\/no\/","name":"Interreg Sverige-Norge","description":"","publisher":{"@id":"https:\/\/www.interreg-sverige-norge.com\/no\/#organization"},"potentialAction":[{"@type":"SearchAction","target":{"@type":"EntryPoint","urlTemplate":"https:\/\/www.interreg-sverige-norge.com\/no\/?s={search_term_string}"},"query-input":{"@type":"PropertyValueSpecification","valueRequired":true,"valueName":"search_term_string"}}],"inLanguage":"nb-NO"},{"@type":"Organization","@id":"https:\/\/www.interreg-sverige-norge.com\/no\/#organization","name":"Interreg Sverige\u2013Norge","url":"https:\/\/www.interreg-sverige-norge.com\/no\/","logo":{"@type":"ImageObject","inLanguage":"nb-NO","@id":"https:\/\/www.interreg-sverige-norge.com\/no\/#\/schema\/logo\/image\/","url":"https:\/\/www.interreg-sverige-norge.com\/wp-content\/uploads\/Interreg-logo.svg","contentUrl":"https:\/\/www.interreg-sverige-norge.com\/wp-content\/uploads\/Interreg-logo.svg","width":409,"height":91,"caption":"Interreg Sverige\u2013Norge"},"image":{"@id":"https:\/\/www.interreg-sverige-norge.com\/no\/#\/schema\/logo\/image\/"},"sameAs":["https:\/\/www.facebook.com\/Interreg-Sverige-Norge-543432269147183\/","https:\/\/www.youtube.com\/channel\/UCkwTnZPG8RAJVCppT3vT1Eg"]},{"@type":"Person","@id":"https:\/\/www.interreg-sverige-norge.com\/no\/#\/schema\/person\/37a67d33769ab5c0b64fd036dbcd2c3b","name":"Wenche Lidberg","image":{"@type":"ImageObject","inLanguage":"nb-NO","@id":"https:\/\/secure.gravatar.com\/avatar\/5dd91c78d4df9a3dc0522542946839f0fa1a4562220a38504f54630bf3e1981d?s=96&d=mm&r=g","url":"https:\/\/secure.gravatar.com\/avatar\/5dd91c78d4df9a3dc0522542946839f0fa1a4562220a38504f54630bf3e1981d?s=96&d=mm&r=g","contentUrl":"https:\/\/secure.gravatar.com\/avatar\/5dd91c78d4df9a3dc0522542946839f0fa1a4562220a38504f54630bf3e1981d?s=96&d=mm&r=g","caption":"Wenche Lidberg"}}]}},"_links":{"self":[{"href":"https:\/\/www.interreg-sverige-norge.com\/no\/wp-json\/wp\/v2\/posts\/11905","targetHints":{"allow":["GET"]}}],"collection":[{"href":"https:\/\/www.interreg-sverige-norge.com\/no\/wp-json\/wp\/v2\/posts"}],"about":[{"href":"https:\/\/www.interreg-sverige-norge.com\/no\/wp-json\/wp\/v2\/types\/post"}],"author":[{"embeddable":true,"href":"https:\/\/www.interreg-sverige-norge.com\/no\/wp-json\/wp\/v2\/users\/8"}],"replies":[{"embeddable":true,"href":"https:\/\/www.interreg-sverige-norge.com\/no\/wp-json\/wp\/v2\/comments?post=11905"}],"version-history":[{"count":0,"href":"https:\/\/www.interreg-sverige-norge.com\/no\/wp-json\/wp\/v2\/posts\/11905\/revisions"}],"wp:featuredmedia":[{"embeddable":true,"href":"https:\/\/www.interreg-sverige-norge.com\/no\/wp-json\/wp\/v2\/media\/11474"}],"wp:attachment":[{"href":"https:\/\/www.interreg-sverige-norge.com\/no\/wp-json\/wp\/v2\/media?parent=11905"}],"wp:term":[{"taxonomy":"category","embeddable":true,"href":"https:\/\/www.interreg-sverige-norge.com\/no\/wp-json\/wp\/v2\/categories?post=11905"},{"taxonomy":"post_tag","embeddable":true,"href":"https:\/\/www.interreg-sverige-norge.com\/no\/wp-json\/wp\/v2\/tags?post=11905"}],"curies":[{"name":"wp","href":"https:\/\/api.w.org\/{rel}","templated":true}]}}