{"id":11865,"date":"2022-05-03T15:55:59","date_gmt":"2022-05-03T13:55:59","guid":{"rendered":"https:\/\/www.interreg-sverige-norge.com\/inspirerende-kick-off-i-karlstad\/"},"modified":"2024-01-17T10:38:48","modified_gmt":"2024-01-17T09:38:48","slug":"inspirerende-kick-off-i-karlstad","status":"publish","type":"post","link":"https:\/\/www.interreg-sverige-norge.com\/no\/inspirerende-kick-off-i-karlstad\/","title":{"rendered":"Inspirerende kick off i Karlstad!"},"content":{"rendered":"\n<h2 class=\"wp-block-heading\">Ungdom og den gr\u00f8nne omstillingen i s\u00f8kelyset <\/h2>\n\n<p>Rundt 100 deltakere fikk oppleve to fulle dager da det nye programmet Interreg Sverige-Norge 2021-2027 hadde kick-off. Prioriteringer og konkrete m\u00e5l for det nye programmet ble presentert og i l\u00f8pet av dagene ble spesielt den gr\u00f8nne omstillingen og ungdom trukket frem. Blant annet ble ungdomspanelet med representanter fra b\u00e5de Norge og Sverige satt stor pris p\u00e5. De beskrev med p\u00e5gangsmot, humor og kloke ord hvordan de s\u00e5 p\u00e5 livet i en grenseregion med de mulighetene og utfordringene du som ung opplever i dag. <\/p>\n\n<figure class=\"wp-block-image size-large is-resized\"><a href=\"https:\/\/www.aevylore.com\/ \"><img fetchpriority=\"high\" decoding=\"async\" src=\"https:\/\/www.interreg-sverige-norge.com\/wp-content\/uploads\/\/interreg-6-Linn-1024x683.jpg\" alt=\"\" class=\"wp-image-7682\" width=\"820\" height=\"547\" srcset=\"https:\/\/www.interreg-sverige-norge.com\/wp-content\/uploads\/interreg-6-Linn-1024x683.jpg 1024w, https:\/\/www.interreg-sverige-norge.com\/wp-content\/uploads\/interreg-6-Linn-300x200.jpg 300w, https:\/\/www.interreg-sverige-norge.com\/wp-content\/uploads\/interreg-6-Linn-768x512.jpg 768w, https:\/\/www.interreg-sverige-norge.com\/wp-content\/uploads\/interreg-6-Linn-1536x1024.jpg 1536w, https:\/\/www.interreg-sverige-norge.com\/wp-content\/uploads\/interreg-6-Linn-2048x1365.jpg 2048w, https:\/\/www.interreg-sverige-norge.com\/wp-content\/uploads\/interreg-6-Linn-18x12.jpg 18w\" sizes=\"(max-width: 820px) 100vw, 820px\" \/><\/a><figcaption>Avey Lore, Interreg Sverige-Norge konferanse Foto: Linn Malm\u00e9n<\/figcaption><\/figure>\n\n<p>Der var artisten Avey Lore (Olivia Althorp) som b\u00f8d p\u00e5 b\u00e5de musikk og innsiktsfulle tanker om hvor viktig det er \u00e5 kunne bo der man vil for \u00e5 kunne v\u00e6re sitt beste jeg.<\/p>\n\n<div class=\"wp-block-image\"><figure class=\"alignleft size-large is-resized\"><img decoding=\"async\" src=\"https:\/\/www.interreg-sverige-norge.com\/wp-content\/uploads\/\/interreg-14-Linn-1024x725.jpg\" alt=\"\" class=\"wp-image-7725\" width=\"287\" height=\"202\" srcset=\"https:\/\/www.interreg-sverige-norge.com\/wp-content\/uploads\/interreg-14-Linn-1024x725.jpg 1024w, https:\/\/www.interreg-sverige-norge.com\/wp-content\/uploads\/interreg-14-Linn-768x544.jpg 768w, https:\/\/www.interreg-sverige-norge.com\/wp-content\/uploads\/interreg-14-Linn-1536x1088.jpg 1536w, https:\/\/www.interreg-sverige-norge.com\/wp-content\/uploads\/interreg-14-Linn-2048x1451.jpg 2048w, https:\/\/www.interreg-sverige-norge.com\/wp-content\/uploads\/interreg-14-Linn-18x12.jpg 18w\" sizes=\"(max-width: 287px) 100vw, 287px\" \/><figcaption>P\u00e4r Mauritzson FAM \/ Kraftledninger Foto: Linn Malm\u00e9n<\/figcaption><\/figure><\/div>\n\n<p>I l\u00f8pet av dagene har vi ogs\u00e5 h\u00f8rt Irene McMaster fra University of Strathclyde, Glasgow, snakke om arbeidet med Territorial Agenda 2030 og Small places matter. Prosjektet <em>MMat og drikke i Nordic Green Belt, SITE3, FAM \/ Kraftledninger<\/em>och <em>SMICE<\/em> inviterte alle til inspirerende presentasjoner med interessante resultater om temaet ungdom og den gr\u00f8nne omstillingen. Du finner prosjektpresentasjonene deres nederst p\u00e5 siden.<\/p>\n\n<div class=\"wp-block-image\"><figure class=\"alignright size-large is-resized\"><img decoding=\"async\" src=\"https:\/\/www.interreg-sverige-norge.com\/wp-content\/uploads\/\/Ordsky-Kick-off-1024x574.jpg\" alt=\"\" class=\"wp-image-7680\" width=\"578\" height=\"323\" srcset=\"https:\/\/www.interreg-sverige-norge.com\/wp-content\/uploads\/Ordsky-Kick-off-1024x574.jpg 1024w, https:\/\/www.interreg-sverige-norge.com\/wp-content\/uploads\/Ordsky-Kick-off-300x168.jpg 300w, https:\/\/www.interreg-sverige-norge.com\/wp-content\/uploads\/Ordsky-Kick-off-768x430.jpg 768w, https:\/\/www.interreg-sverige-norge.com\/wp-content\/uploads\/Ordsky-Kick-off-18x10.jpg 18w, https:\/\/www.interreg-sverige-norge.com\/wp-content\/uploads\/Ordsky-Kick-off.jpg 1164w\" sizes=\"(max-width: 578px) 100vw, 578px\" \/><figcaption>En \u00abordsky\u00bb om hva deltakerne hadde med seg fra konferansen<\/figcaption><\/figure><\/div>\n\n<p>Avslutningsvis ble det gjennomf\u00f8rt en Menti-unders\u00f8kelse og det var sv\u00e6rt gledelig at de fleste av deltakerne gledet seg til \u00e5 ta initiativ til \u00e5 l\u00f8fte Ungdoms\u00e5ret i 2022! Men det var ogs\u00e5 mange som s\u00e5 muligheten til \u00e5 jobbe med Territorial Agenda 2030 og Small places matter som et verkt\u00f8y for \u00e5 utvikle grenseoverskridende utviklingsplaner i fremtiden. <\/p>\n\n<p>Oppsummert var konferansen en arena for formidling av resultater, nettverksbygging og ideer til nye prosjekter. Og fremfor alt var det en mulighet til \u00e5 h\u00f8re mer om prioriteringer og konkrete m\u00e5l som er inkludert i programmet for 2021-2027. For de av dere som ikke hadde anledning til \u00e5 delta, har vi lagret presentasjonene fra konferansen under:<\/p>\n\n<ul class=\"wp-block-list\"><li><a href=\"https:\/\/www.interreg-sverige-norge.com\/wp-content\/uploads\/Prioriteringar-och-specifika-mal-pa-Kick-off-i-Karlstad-april-2022.pdf\" target=\"_blank\" rel=\"noreferrer noopener\">Prioriteringer og konkrete m\u00e5l Interreg Sverige-Norge 2021-2027<\/a><\/li><li><a href=\"https:\/\/www.interreg-sverige-norge.com\/wp-content\/uploads\/IM-presentation.pdf\">Territorial Agenda 2030 og Sm\u00e5 steder betyr noe<\/a><\/li><\/ul>\n\n<h3 class=\"wp-block-heading\"><strong>Prosjektpresentasjoner<\/strong><\/h3>\n\n<ul class=\"wp-block-list\"><li><a href=\"https:\/\/www.interreg-sverige-norge.com\/wp-content\/uploads\/26-april_Presentasjon-SMAK63.pdf\">Mat og drikke i Nordic Green Belt<\/a><\/li><li><a href=\"https:\/\/www.interreg-sverige-norge.com\/wp-content\/uploads\/SITE-Interreg-Karlstad-22042601.pdf\">SITE3<\/a><\/li><li><a href=\"https:\/\/www.interreg-sverige-norge.com\/wp-content\/uploads\/KokoKarlstad.pdf\">F\u00e5 alle involvert og kraftledninger (KoKo)<\/a><\/li><li><a href=\"https:\/\/www.interreg-sverige-norge.com\/wp-content\/uploads\/SMICE_220427.pdf\">SMICE<\/a><\/li><\/ul>\n\n<p><\/p>\n","protected":false},"excerpt":{"rendered":"<p>Ungdom og den gr\u00f8nne omstillingen i s\u00f8kelyset Rundt 100 deltakere fikk oppleve to fulle dager da det nye programmet Interreg Sverige-Norge 2021-2027 hadde kick-off. Prioriteringer og konkrete m\u00e5l for det nye programmet ble presentert og i l\u00f8pet av dagene ble spesielt den gr\u00f8nne omstillingen og ungdom trukket frem. Blant annet ble ungdomspanelet med representanter fra [&hellip;]<\/p>\n","protected":false},"author":8,"featured_media":11382,"comment_status":"closed","ping_status":"closed","sticky":false,"template":"","format":"standard","meta":{"_jf_schedule_form":"","_jf_limit_responses":"","footnotes":""},"categories":[145],"tags":[],"class_list":["post-11865","post","type-post","status-publish","format-standard","has-post-thumbnail","hentry","category-artikler"],"yoast_head":"<!-- This site is optimized with the Yoast SEO plugin v27.5 - https:\/\/yoast.com\/product\/yoast-seo-wordpress\/ -->\n<title>Inspirerende kick off i Karlstad! - Interreg Sverige-Norge<\/title>\n<meta name=\"robots\" content=\"index, follow, max-snippet:-1, max-image-preview:large, max-video-preview:-1\" \/>\n<link rel=\"canonical\" href=\"https:\/\/www.interreg-sverige-norge.com\/no\/inspirerende-kick-off-i-karlstad\/\" \/>\n<meta property=\"og:locale\" content=\"nb_NO\" \/>\n<meta property=\"og:type\" content=\"article\" \/>\n<meta property=\"og:title\" content=\"Inspirerende kick off i Karlstad! - Interreg Sverige-Norge\" \/>\n<meta property=\"og:description\" content=\"Ungdom og den gr\u00f8nne omstillingen i s\u00f8kelyset Rundt 100 deltakere fikk oppleve to fulle dager da det nye programmet Interreg Sverige-Norge 2021-2027 hadde kick-off. Prioriteringer og konkrete m\u00e5l for det nye programmet ble presentert og i l\u00f8pet av dagene ble spesielt den gr\u00f8nne omstillingen og ungdom trukket frem. Blant annet ble ungdomspanelet med representanter fra [&hellip;]\" \/>\n<meta property=\"og:url\" content=\"https:\/\/www.interreg-sverige-norge.com\/no\/inspirerende-kick-off-i-karlstad\/\" \/>\n<meta property=\"og:site_name\" content=\"Interreg Sverige-Norge\" \/>\n<meta property=\"article:publisher\" content=\"https:\/\/www.facebook.com\/Interreg-Sverige-Norge-543432269147183\/\" \/>\n<meta property=\"article:published_time\" content=\"2022-05-03T13:55:59+00:00\" \/>\n<meta property=\"article:modified_time\" content=\"2024-01-17T09:38:48+00:00\" \/>\n<meta property=\"og:image\" content=\"https:\/\/www.interreg-sverige-norge.com\/wp-content\/uploads\/interreg-15-Linn-scaled.jpg\" \/>\n\t<meta property=\"og:image:width\" content=\"2560\" \/>\n\t<meta property=\"og:image:height\" content=\"1664\" \/>\n\t<meta property=\"og:image:type\" content=\"image\/jpeg\" \/>\n<meta name=\"author\" content=\"Wenche Lidberg\" \/>\n<meta name=\"twitter:card\" content=\"summary_large_image\" \/>\n<meta name=\"twitter:label1\" content=\"Skrevet av\" \/>\n\t<meta name=\"twitter:data1\" content=\"Wenche Lidberg\" \/>\n\t<meta name=\"twitter:label2\" content=\"Ansl. lesetid\" \/>\n\t<meta name=\"twitter:data2\" content=\"2 minutter\" \/>\n<script type=\"application\/ld+json\" class=\"yoast-schema-graph\">{\"@context\":\"https:\\\/\\\/schema.org\",\"@graph\":[{\"@type\":\"Article\",\"@id\":\"https:\\\/\\\/www.interreg-sverige-norge.com\\\/no\\\/inspirerende-kick-off-i-karlstad\\\/#article\",\"isPartOf\":{\"@id\":\"https:\\\/\\\/www.interreg-sverige-norge.com\\\/no\\\/inspirerende-kick-off-i-karlstad\\\/\"},\"author\":{\"name\":\"Wenche Lidberg\",\"@id\":\"https:\\\/\\\/www.interreg-sverige-norge.com\\\/no\\\/#\\\/schema\\\/person\\\/37a67d33769ab5c0b64fd036dbcd2c3b\"},\"headline\":\"Inspirerende kick off i Karlstad!\",\"datePublished\":\"2022-05-03T13:55:59+00:00\",\"dateModified\":\"2024-01-17T09:38:48+00:00\",\"mainEntityOfPage\":{\"@id\":\"https:\\\/\\\/www.interreg-sverige-norge.com\\\/no\\\/inspirerende-kick-off-i-karlstad\\\/\"},\"wordCount\":369,\"publisher\":{\"@id\":\"https:\\\/\\\/www.interreg-sverige-norge.com\\\/no\\\/#organization\"},\"image\":{\"@id\":\"https:\\\/\\\/www.interreg-sverige-norge.com\\\/no\\\/inspirerende-kick-off-i-karlstad\\\/#primaryimage\"},\"thumbnailUrl\":\"https:\\\/\\\/www.interreg-sverige-norge.com\\\/wp-content\\\/uploads\\\/interreg-15-Linn-scaled.jpg\",\"articleSection\":[\"Artikler\"],\"inLanguage\":\"nb-NO\"},{\"@type\":\"WebPage\",\"@id\":\"https:\\\/\\\/www.interreg-sverige-norge.com\\\/no\\\/inspirerende-kick-off-i-karlstad\\\/\",\"url\":\"https:\\\/\\\/www.interreg-sverige-norge.com\\\/no\\\/inspirerende-kick-off-i-karlstad\\\/\",\"name\":\"Inspirerende kick off i Karlstad! - Interreg Sverige-Norge\",\"isPartOf\":{\"@id\":\"https:\\\/\\\/www.interreg-sverige-norge.com\\\/no\\\/#website\"},\"primaryImageOfPage\":{\"@id\":\"https:\\\/\\\/www.interreg-sverige-norge.com\\\/no\\\/inspirerende-kick-off-i-karlstad\\\/#primaryimage\"},\"image\":{\"@id\":\"https:\\\/\\\/www.interreg-sverige-norge.com\\\/no\\\/inspirerende-kick-off-i-karlstad\\\/#primaryimage\"},\"thumbnailUrl\":\"https:\\\/\\\/www.interreg-sverige-norge.com\\\/wp-content\\\/uploads\\\/interreg-15-Linn-scaled.jpg\",\"datePublished\":\"2022-05-03T13:55:59+00:00\",\"dateModified\":\"2024-01-17T09:38:48+00:00\",\"breadcrumb\":{\"@id\":\"https:\\\/\\\/www.interreg-sverige-norge.com\\\/no\\\/inspirerende-kick-off-i-karlstad\\\/#breadcrumb\"},\"inLanguage\":\"nb-NO\",\"potentialAction\":[{\"@type\":\"ReadAction\",\"target\":[\"https:\\\/\\\/www.interreg-sverige-norge.com\\\/no\\\/inspirerende-kick-off-i-karlstad\\\/\"]}]},{\"@type\":\"ImageObject\",\"inLanguage\":\"nb-NO\",\"@id\":\"https:\\\/\\\/www.interreg-sverige-norge.com\\\/no\\\/inspirerende-kick-off-i-karlstad\\\/#primaryimage\",\"url\":\"https:\\\/\\\/www.interreg-sverige-norge.com\\\/wp-content\\\/uploads\\\/interreg-15-Linn-scaled.jpg\",\"contentUrl\":\"https:\\\/\\\/www.interreg-sverige-norge.com\\\/wp-content\\\/uploads\\\/interreg-15-Linn-scaled.jpg\",\"width\":2560,\"height\":1664,\"caption\":\"Interreg Sverige-Norge konferans V\u00e4rmlands museum\"},{\"@type\":\"BreadcrumbList\",\"@id\":\"https:\\\/\\\/www.interreg-sverige-norge.com\\\/no\\\/inspirerende-kick-off-i-karlstad\\\/#breadcrumb\",\"itemListElement\":[{\"@type\":\"ListItem\",\"position\":1,\"name\":\"Start\",\"item\":\"https:\\\/\\\/www.interreg-sverige-norge.com\\\/no\\\/\"},{\"@type\":\"ListItem\",\"position\":2,\"name\":\"Inspirerende kick off i Karlstad!\"}]},{\"@type\":\"WebSite\",\"@id\":\"https:\\\/\\\/www.interreg-sverige-norge.com\\\/no\\\/#website\",\"url\":\"https:\\\/\\\/www.interreg-sverige-norge.com\\\/no\\\/\",\"name\":\"Interreg Sverige-Norge\",\"description\":\"\",\"publisher\":{\"@id\":\"https:\\\/\\\/www.interreg-sverige-norge.com\\\/no\\\/#organization\"},\"potentialAction\":[{\"@type\":\"SearchAction\",\"target\":{\"@type\":\"EntryPoint\",\"urlTemplate\":\"https:\\\/\\\/www.interreg-sverige-norge.com\\\/no\\\/?s={search_term_string}\"},\"query-input\":{\"@type\":\"PropertyValueSpecification\",\"valueRequired\":true,\"valueName\":\"search_term_string\"}}],\"inLanguage\":\"nb-NO\"},{\"@type\":\"Organization\",\"@id\":\"https:\\\/\\\/www.interreg-sverige-norge.com\\\/no\\\/#organization\",\"name\":\"Interreg Sverige\u2013Norge\",\"url\":\"https:\\\/\\\/www.interreg-sverige-norge.com\\\/no\\\/\",\"logo\":{\"@type\":\"ImageObject\",\"inLanguage\":\"nb-NO\",\"@id\":\"https:\\\/\\\/www.interreg-sverige-norge.com\\\/no\\\/#\\\/schema\\\/logo\\\/image\\\/\",\"url\":\"https:\\\/\\\/www.interreg-sverige-norge.com\\\/wp-content\\\/uploads\\\/Interreg-logo.svg\",\"contentUrl\":\"https:\\\/\\\/www.interreg-sverige-norge.com\\\/wp-content\\\/uploads\\\/Interreg-logo.svg\",\"width\":409,\"height\":91,\"caption\":\"Interreg Sverige\u2013Norge\"},\"image\":{\"@id\":\"https:\\\/\\\/www.interreg-sverige-norge.com\\\/no\\\/#\\\/schema\\\/logo\\\/image\\\/\"},\"sameAs\":[\"https:\\\/\\\/www.facebook.com\\\/Interreg-Sverige-Norge-543432269147183\\\/\",\"https:\\\/\\\/www.youtube.com\\\/channel\\\/UCkwTnZPG8RAJVCppT3vT1Eg\"]},{\"@type\":\"Person\",\"@id\":\"https:\\\/\\\/www.interreg-sverige-norge.com\\\/no\\\/#\\\/schema\\\/person\\\/37a67d33769ab5c0b64fd036dbcd2c3b\",\"name\":\"Wenche Lidberg\",\"image\":{\"@type\":\"ImageObject\",\"inLanguage\":\"nb-NO\",\"@id\":\"https:\\\/\\\/secure.gravatar.com\\\/avatar\\\/5dd91c78d4df9a3dc0522542946839f0fa1a4562220a38504f54630bf3e1981d?s=96&d=mm&r=g\",\"url\":\"https:\\\/\\\/secure.gravatar.com\\\/avatar\\\/5dd91c78d4df9a3dc0522542946839f0fa1a4562220a38504f54630bf3e1981d?s=96&d=mm&r=g\",\"contentUrl\":\"https:\\\/\\\/secure.gravatar.com\\\/avatar\\\/5dd91c78d4df9a3dc0522542946839f0fa1a4562220a38504f54630bf3e1981d?s=96&d=mm&r=g\",\"caption\":\"Wenche Lidberg\"}}]}<\/script>\n<!-- \/ Yoast SEO plugin. -->","yoast_head_json":{"title":"Inspirerende kick off i Karlstad! - Interreg Sverige-Norge","robots":{"index":"index","follow":"follow","max-snippet":"max-snippet:-1","max-image-preview":"max-image-preview:large","max-video-preview":"max-video-preview:-1"},"canonical":"https:\/\/www.interreg-sverige-norge.com\/no\/inspirerende-kick-off-i-karlstad\/","og_locale":"nb_NO","og_type":"article","og_title":"Inspirerende kick off i Karlstad! - Interreg Sverige-Norge","og_description":"Ungdom og den gr\u00f8nne omstillingen i s\u00f8kelyset Rundt 100 deltakere fikk oppleve to fulle dager da det nye programmet Interreg Sverige-Norge 2021-2027 hadde kick-off. Prioriteringer og konkrete m\u00e5l for det nye programmet ble presentert og i l\u00f8pet av dagene ble spesielt den gr\u00f8nne omstillingen og ungdom trukket frem. Blant annet ble ungdomspanelet med representanter fra [&hellip;]","og_url":"https:\/\/www.interreg-sverige-norge.com\/no\/inspirerende-kick-off-i-karlstad\/","og_site_name":"Interreg Sverige-Norge","article_publisher":"https:\/\/www.facebook.com\/Interreg-Sverige-Norge-543432269147183\/","article_published_time":"2022-05-03T13:55:59+00:00","article_modified_time":"2024-01-17T09:38:48+00:00","og_image":[{"width":2560,"height":1664,"url":"https:\/\/www.interreg-sverige-norge.com\/wp-content\/uploads\/interreg-15-Linn-scaled.jpg","type":"image\/jpeg"}],"author":"Wenche Lidberg","twitter_card":"summary_large_image","twitter_misc":{"Skrevet av":"Wenche Lidberg","Ansl. lesetid":"2 minutter"},"schema":{"@context":"https:\/\/schema.org","@graph":[{"@type":"Article","@id":"https:\/\/www.interreg-sverige-norge.com\/no\/inspirerende-kick-off-i-karlstad\/#article","isPartOf":{"@id":"https:\/\/www.interreg-sverige-norge.com\/no\/inspirerende-kick-off-i-karlstad\/"},"author":{"name":"Wenche Lidberg","@id":"https:\/\/www.interreg-sverige-norge.com\/no\/#\/schema\/person\/37a67d33769ab5c0b64fd036dbcd2c3b"},"headline":"Inspirerende kick off i Karlstad!","datePublished":"2022-05-03T13:55:59+00:00","dateModified":"2024-01-17T09:38:48+00:00","mainEntityOfPage":{"@id":"https:\/\/www.interreg-sverige-norge.com\/no\/inspirerende-kick-off-i-karlstad\/"},"wordCount":369,"publisher":{"@id":"https:\/\/www.interreg-sverige-norge.com\/no\/#organization"},"image":{"@id":"https:\/\/www.interreg-sverige-norge.com\/no\/inspirerende-kick-off-i-karlstad\/#primaryimage"},"thumbnailUrl":"https:\/\/www.interreg-sverige-norge.com\/wp-content\/uploads\/interreg-15-Linn-scaled.jpg","articleSection":["Artikler"],"inLanguage":"nb-NO"},{"@type":"WebPage","@id":"https:\/\/www.interreg-sverige-norge.com\/no\/inspirerende-kick-off-i-karlstad\/","url":"https:\/\/www.interreg-sverige-norge.com\/no\/inspirerende-kick-off-i-karlstad\/","name":"Inspirerende kick off i Karlstad! - Interreg Sverige-Norge","isPartOf":{"@id":"https:\/\/www.interreg-sverige-norge.com\/no\/#website"},"primaryImageOfPage":{"@id":"https:\/\/www.interreg-sverige-norge.com\/no\/inspirerende-kick-off-i-karlstad\/#primaryimage"},"image":{"@id":"https:\/\/www.interreg-sverige-norge.com\/no\/inspirerende-kick-off-i-karlstad\/#primaryimage"},"thumbnailUrl":"https:\/\/www.interreg-sverige-norge.com\/wp-content\/uploads\/interreg-15-Linn-scaled.jpg","datePublished":"2022-05-03T13:55:59+00:00","dateModified":"2024-01-17T09:38:48+00:00","breadcrumb":{"@id":"https:\/\/www.interreg-sverige-norge.com\/no\/inspirerende-kick-off-i-karlstad\/#breadcrumb"},"inLanguage":"nb-NO","potentialAction":[{"@type":"ReadAction","target":["https:\/\/www.interreg-sverige-norge.com\/no\/inspirerende-kick-off-i-karlstad\/"]}]},{"@type":"ImageObject","inLanguage":"nb-NO","@id":"https:\/\/www.interreg-sverige-norge.com\/no\/inspirerende-kick-off-i-karlstad\/#primaryimage","url":"https:\/\/www.interreg-sverige-norge.com\/wp-content\/uploads\/interreg-15-Linn-scaled.jpg","contentUrl":"https:\/\/www.interreg-sverige-norge.com\/wp-content\/uploads\/interreg-15-Linn-scaled.jpg","width":2560,"height":1664,"caption":"Interreg Sverige-Norge konferans V\u00e4rmlands museum"},{"@type":"BreadcrumbList","@id":"https:\/\/www.interreg-sverige-norge.com\/no\/inspirerende-kick-off-i-karlstad\/#breadcrumb","itemListElement":[{"@type":"ListItem","position":1,"name":"Start","item":"https:\/\/www.interreg-sverige-norge.com\/no\/"},{"@type":"ListItem","position":2,"name":"Inspirerende kick off i Karlstad!"}]},{"@type":"WebSite","@id":"https:\/\/www.interreg-sverige-norge.com\/no\/#website","url":"https:\/\/www.interreg-sverige-norge.com\/no\/","name":"Interreg Sverige-Norge","description":"","publisher":{"@id":"https:\/\/www.interreg-sverige-norge.com\/no\/#organization"},"potentialAction":[{"@type":"SearchAction","target":{"@type":"EntryPoint","urlTemplate":"https:\/\/www.interreg-sverige-norge.com\/no\/?s={search_term_string}"},"query-input":{"@type":"PropertyValueSpecification","valueRequired":true,"valueName":"search_term_string"}}],"inLanguage":"nb-NO"},{"@type":"Organization","@id":"https:\/\/www.interreg-sverige-norge.com\/no\/#organization","name":"Interreg Sverige\u2013Norge","url":"https:\/\/www.interreg-sverige-norge.com\/no\/","logo":{"@type":"ImageObject","inLanguage":"nb-NO","@id":"https:\/\/www.interreg-sverige-norge.com\/no\/#\/schema\/logo\/image\/","url":"https:\/\/www.interreg-sverige-norge.com\/wp-content\/uploads\/Interreg-logo.svg","contentUrl":"https:\/\/www.interreg-sverige-norge.com\/wp-content\/uploads\/Interreg-logo.svg","width":409,"height":91,"caption":"Interreg Sverige\u2013Norge"},"image":{"@id":"https:\/\/www.interreg-sverige-norge.com\/no\/#\/schema\/logo\/image\/"},"sameAs":["https:\/\/www.facebook.com\/Interreg-Sverige-Norge-543432269147183\/","https:\/\/www.youtube.com\/channel\/UCkwTnZPG8RAJVCppT3vT1Eg"]},{"@type":"Person","@id":"https:\/\/www.interreg-sverige-norge.com\/no\/#\/schema\/person\/37a67d33769ab5c0b64fd036dbcd2c3b","name":"Wenche Lidberg","image":{"@type":"ImageObject","inLanguage":"nb-NO","@id":"https:\/\/secure.gravatar.com\/avatar\/5dd91c78d4df9a3dc0522542946839f0fa1a4562220a38504f54630bf3e1981d?s=96&d=mm&r=g","url":"https:\/\/secure.gravatar.com\/avatar\/5dd91c78d4df9a3dc0522542946839f0fa1a4562220a38504f54630bf3e1981d?s=96&d=mm&r=g","contentUrl":"https:\/\/secure.gravatar.com\/avatar\/5dd91c78d4df9a3dc0522542946839f0fa1a4562220a38504f54630bf3e1981d?s=96&d=mm&r=g","caption":"Wenche Lidberg"}}]}},"_links":{"self":[{"href":"https:\/\/www.interreg-sverige-norge.com\/no\/wp-json\/wp\/v2\/posts\/11865","targetHints":{"allow":["GET"]}}],"collection":[{"href":"https:\/\/www.interreg-sverige-norge.com\/no\/wp-json\/wp\/v2\/posts"}],"about":[{"href":"https:\/\/www.interreg-sverige-norge.com\/no\/wp-json\/wp\/v2\/types\/post"}],"author":[{"embeddable":true,"href":"https:\/\/www.interreg-sverige-norge.com\/no\/wp-json\/wp\/v2\/users\/8"}],"replies":[{"embeddable":true,"href":"https:\/\/www.interreg-sverige-norge.com\/no\/wp-json\/wp\/v2\/comments?post=11865"}],"version-history":[{"count":0,"href":"https:\/\/www.interreg-sverige-norge.com\/no\/wp-json\/wp\/v2\/posts\/11865\/revisions"}],"wp:featuredmedia":[{"embeddable":true,"href":"https:\/\/www.interreg-sverige-norge.com\/no\/wp-json\/wp\/v2\/media\/11382"}],"wp:attachment":[{"href":"https:\/\/www.interreg-sverige-norge.com\/no\/wp-json\/wp\/v2\/media?parent=11865"}],"wp:term":[{"taxonomy":"category","embeddable":true,"href":"https:\/\/www.interreg-sverige-norge.com\/no\/wp-json\/wp\/v2\/categories?post=11865"},{"taxonomy":"post_tag","embeddable":true,"href":"https:\/\/www.interreg-sverige-norge.com\/no\/wp-json\/wp\/v2\/tags?post=11865"}],"curies":[{"name":"wp","href":"https:\/\/api.w.org\/{rel}","templated":true}]}}