{"id":11843,"date":"2023-12-01T08:43:12","date_gmt":"2023-12-01T07:43:12","guid":{"rendered":"https:\/\/www.interreg-sverige-norge.com\/nye-interreg-prosjekt-i-nordens-gronne-belte\/"},"modified":"2026-01-28T12:57:01","modified_gmt":"2026-01-28T11:57:01","slug":"nye-interreg-prosjekt-i-nordens-gronne-belte","status":"publish","type":"post","link":"https:\/\/www.interreg-sverige-norge.com\/no\/nye-interreg-prosjekt-i-nordens-gronne-belte\/","title":{"rendered":"Nye Interreg-prosjekt i Nordens gr\u00f8nne belte"},"content":{"rendered":"\n<p><strong>Under h\u00f8stm\u00f8tet i styringsgruppen for delomr\u00e5de Nordens gr\u00f8nne belte ble 6 prosjekter innvilget st\u00f8tte.<\/strong><\/p>\n\n<p><strong>Green Flyway 2 &#8211; Zero Emission Urban and Rural Air Mobility Cross Border<\/strong><br\/>Prosjektet har som m\u00e5l \u00e5 etablere testmilj\u00f8er og testomr\u00e5der for elektriske og autonome fly i luftkorridoren mellom R\u00f6ros og \u00d6stersund for \u00e5 finne mulige standardl\u00f8sninger for ladeinfrastruktur, flykontroll og annen vanlig teknologi.<\/p>\n\n<p>Totalt budsjett 2 736 436 EURO \u2013 EU-medel: 1 270 247 EURO \u2013 IR-medel: 3 862 975 NOK<\/p>\n\n<p><strong>SING \u2013 sosialt entrepren\u00f8rskap<\/strong><br\/>Prosjektet har som m\u00e5l \u00e5 styrke gr\u00fcnderkunnskapen og -evnen til sm\u00e5 og mellomstore bedrifter og id\u00e9b\u00e6rere, noe som legger forholdene til rette for at flere sosiale entrepren\u00f8rielle ideer kan utvikle seg til bedrifter som l\u00f8ser samfunnsutfordringer vi st\u00e5r overfor innenfor programgeografi. Gjennom grenseoverskridende samarbeid og kompetanseutveksling innen sosialt entrepren\u00f8rskap kan prosjektet bidra til \u00e5 utvikle og tilpasse utpr\u00f8vde metoder med gjensidig l\u00e6ring, s\u00e5kalt peer-to-peer l\u00e6ring, for \u00e5 fremme ideer\/initiativer for motstandsdyktige samfunn i grenseomr\u00e5det til Tr\u00f8ndelag og Midt-Norrland.<\/p>\n\n<p>Totalt budsjett 978 747 EURO \u2013 EU-medel: 421 321 EURO \u2013 IR-medel: 1 652 800 NOK<\/p>\n\n<p><strong>SENAVIS \u2013 Sensorteknologi for smart avising \u2013 milj\u00f8vennlig testing av kjemikalier for avising<\/strong><br\/>Prosjektet har som m\u00e5l \u00e5 utvikle og utforske sensorteknologi for smartere bruk av kjemikalier n\u00e5r veier\/rullebaner skal avises. I tillegg \u00f8nsker prosjektet \u00e5 skape et innovasjonsnettverk som trengs for implementering.<\/p>\n\n<p>Totalt budsjett 433 401 EURO \u2013 EU-medel: 342 453 EURO \u2013 IR-medel: 909 480 NOK<\/p>\n\n<p><strong>Grensel\u00f8s kompetanse<\/strong><br\/>Prosjektet skal sammen med relevante akt\u00f8rer p\u00e5 begge sider av grensen kartlegge arbeidsgiveres behov og unges yrkesvalg. P\u00e5 bakgrunn av resultatene skal det utvikles et kompetanseverkt\u00f8y som gjennom visualisering av situasjonsbilder skal forenkle beslutningstaking. Dette b\u00f8r utvide synet p\u00e5 yrkesvalg og kompetanse b\u00e5de blant unge og arbeidsgivere og dermed bidra til l\u00f8sninger som kan styrke det felles arbeidsmarkedet.<\/p>\n\n<p>Totalt budsjett 283 227 EURO \u2013 EU-medel: 128 868 EURO \u2013 IR-medel: 424 845 NOK<\/p>\n\n<p><strong>Verdier langs vegen<\/strong><br\/>Prosjektet skal styrke grenseregionen mellom Sverige og Norge ved \u00e5 arbeide med stedsutvikling, kulturarv og storytelling. Gjennom dette skapes st\u00f8rre kunnskap og forst\u00e5else for hvordan kulturarv og kulturmilj\u00f8er er betydningsfulle for b\u00e6rekraftig stedsutvikling. Prosjektet vil synliggj\u00f8re historiske ferdselsveger og utvikle en felles metodikk for hvordan man kan bruke kulturarven i stedsutviklingsprosesser.<\/p>\n\n<p>Totalt budsjett 1 610 166 EURO \u2013 EU-medel: 524 703 EURO \u2013 IR-medel: 2 380 000 NOK<\/p>\n\n<p>I tillegg ble forprosjektet <strong>Beredskap og trygghet<\/strong> innvilget med 10 000 EURO i EU-midler og 50 000 NOK i IR-midler med et totalbudsjett p\u00e5 25 385 EURO.<\/p>\n\n<p>Vi \u00f8nsker prosjektene lykke til!<\/p>\n","protected":false},"excerpt":{"rendered":"<p>Under h\u00f8stm\u00f8tet i styringsgruppen for delomr\u00e5de Nordens gr\u00f8nne belte ble 6 prosjekter innvilget st\u00f8tte. Green Flyway 2 &#8211; Zero Emission Urban and Rural Air Mobility Cross BorderProsjektet har som m\u00e5l \u00e5 etablere testmilj\u00f8er og testomr\u00e5der for elektriske og autonome fly i luftkorridoren mellom R\u00f6ros og \u00d6stersund for \u00e5 finne mulige standardl\u00f8sninger for ladeinfrastruktur, flykontroll og [&hellip;]<\/p>\n","protected":false},"author":21,"featured_media":11645,"comment_status":"closed","ping_status":"closed","sticky":false,"template":"","format":"standard","meta":{"_jf_schedule_form":"","_jf_limit_responses":"","footnotes":""},"categories":[145],"tags":[],"class_list":["post-11843","post","type-post","status-publish","format-standard","has-post-thumbnail","hentry","category-artikler"],"yoast_head":"<!-- This site is optimized with the Yoast SEO plugin v27.5 - https:\/\/yoast.com\/product\/yoast-seo-wordpress\/ -->\n<title>Nye Interreg-prosjekt i Nordens gr\u00f8nne belte - Interreg Sverige-Norge<\/title>\n<meta name=\"robots\" content=\"index, follow, max-snippet:-1, max-image-preview:large, max-video-preview:-1\" \/>\n<link rel=\"canonical\" href=\"https:\/\/www.interreg-sverige-norge.com\/no\/nye-interreg-prosjekt-i-nordens-gronne-belte\/\" \/>\n<meta property=\"og:locale\" content=\"nb_NO\" \/>\n<meta property=\"og:type\" content=\"article\" \/>\n<meta property=\"og:title\" content=\"Nye Interreg-prosjekt i Nordens gr\u00f8nne belte - Interreg Sverige-Norge\" \/>\n<meta property=\"og:description\" content=\"Under h\u00f8stm\u00f8tet i styringsgruppen for delomr\u00e5de Nordens gr\u00f8nne belte ble 6 prosjekter innvilget st\u00f8tte. Green Flyway 2 &#8211; Zero Emission Urban and Rural Air Mobility Cross BorderProsjektet har som m\u00e5l \u00e5 etablere testmilj\u00f8er og testomr\u00e5der for elektriske og autonome fly i luftkorridoren mellom R\u00f6ros og \u00d6stersund for \u00e5 finne mulige standardl\u00f8sninger for ladeinfrastruktur, flykontroll og [&hellip;]\" \/>\n<meta property=\"og:url\" content=\"https:\/\/www.interreg-sverige-norge.com\/no\/nye-interreg-prosjekt-i-nordens-gronne-belte\/\" \/>\n<meta property=\"og:site_name\" content=\"Interreg Sverige-Norge\" \/>\n<meta property=\"article:publisher\" content=\"https:\/\/www.facebook.com\/Interreg-Sverige-Norge-543432269147183\/\" \/>\n<meta property=\"article:published_time\" content=\"2023-12-01T07:43:12+00:00\" \/>\n<meta property=\"article:modified_time\" content=\"2026-01-28T11:57:01+00:00\" \/>\n<meta property=\"og:image\" content=\"https:\/\/www.interreg-sverige-norge.com\/wp-content\/uploads\/Bilde2.jpg\" \/>\n\t<meta property=\"og:image:width\" content=\"454\" \/>\n\t<meta property=\"og:image:height\" content=\"226\" \/>\n\t<meta property=\"og:image:type\" content=\"image\/jpeg\" \/>\n<meta name=\"author\" content=\"Marie Bohman L\u00e5te\" \/>\n<meta name=\"twitter:card\" content=\"summary_large_image\" \/>\n<meta name=\"twitter:label1\" content=\"Skrevet av\" \/>\n\t<meta name=\"twitter:data1\" content=\"Marie Bohman L\u00e5te\" \/>\n\t<meta name=\"twitter:label2\" content=\"Ansl. lesetid\" \/>\n\t<meta name=\"twitter:data2\" content=\"2 minutter\" \/>\n<script type=\"application\/ld+json\" class=\"yoast-schema-graph\">{\"@context\":\"https:\\\/\\\/schema.org\",\"@graph\":[{\"@type\":\"Article\",\"@id\":\"https:\\\/\\\/www.interreg-sverige-norge.com\\\/no\\\/nye-interreg-prosjekt-i-nordens-gronne-belte\\\/#article\",\"isPartOf\":{\"@id\":\"https:\\\/\\\/www.interreg-sverige-norge.com\\\/no\\\/nye-interreg-prosjekt-i-nordens-gronne-belte\\\/\"},\"author\":{\"name\":\"Marie Bohman L\u00e5te\",\"@id\":\"https:\\\/\\\/www.interreg-sverige-norge.com\\\/no\\\/#\\\/schema\\\/person\\\/7d330759cf4ffb221df5697087f1f836\"},\"headline\":\"Nye Interreg-prosjekt i Nordens gr\u00f8nne belte\",\"datePublished\":\"2023-12-01T07:43:12+00:00\",\"dateModified\":\"2026-01-28T11:57:01+00:00\",\"mainEntityOfPage\":{\"@id\":\"https:\\\/\\\/www.interreg-sverige-norge.com\\\/no\\\/nye-interreg-prosjekt-i-nordens-gronne-belte\\\/\"},\"wordCount\":394,\"publisher\":{\"@id\":\"https:\\\/\\\/www.interreg-sverige-norge.com\\\/no\\\/#organization\"},\"image\":{\"@id\":\"https:\\\/\\\/www.interreg-sverige-norge.com\\\/no\\\/nye-interreg-prosjekt-i-nordens-gronne-belte\\\/#primaryimage\"},\"thumbnailUrl\":\"https:\\\/\\\/www.interreg-sverige-norge.com\\\/wp-content\\\/uploads\\\/Bilde2.jpg\",\"articleSection\":[\"Artikler\"],\"inLanguage\":\"nb-NO\"},{\"@type\":\"WebPage\",\"@id\":\"https:\\\/\\\/www.interreg-sverige-norge.com\\\/no\\\/nye-interreg-prosjekt-i-nordens-gronne-belte\\\/\",\"url\":\"https:\\\/\\\/www.interreg-sverige-norge.com\\\/no\\\/nye-interreg-prosjekt-i-nordens-gronne-belte\\\/\",\"name\":\"Nye Interreg-prosjekt i Nordens gr\u00f8nne belte - Interreg Sverige-Norge\",\"isPartOf\":{\"@id\":\"https:\\\/\\\/www.interreg-sverige-norge.com\\\/no\\\/#website\"},\"primaryImageOfPage\":{\"@id\":\"https:\\\/\\\/www.interreg-sverige-norge.com\\\/no\\\/nye-interreg-prosjekt-i-nordens-gronne-belte\\\/#primaryimage\"},\"image\":{\"@id\":\"https:\\\/\\\/www.interreg-sverige-norge.com\\\/no\\\/nye-interreg-prosjekt-i-nordens-gronne-belte\\\/#primaryimage\"},\"thumbnailUrl\":\"https:\\\/\\\/www.interreg-sverige-norge.com\\\/wp-content\\\/uploads\\\/Bilde2.jpg\",\"datePublished\":\"2023-12-01T07:43:12+00:00\",\"dateModified\":\"2026-01-28T11:57:01+00:00\",\"breadcrumb\":{\"@id\":\"https:\\\/\\\/www.interreg-sverige-norge.com\\\/no\\\/nye-interreg-prosjekt-i-nordens-gronne-belte\\\/#breadcrumb\"},\"inLanguage\":\"nb-NO\",\"potentialAction\":[{\"@type\":\"ReadAction\",\"target\":[\"https:\\\/\\\/www.interreg-sverige-norge.com\\\/no\\\/nye-interreg-prosjekt-i-nordens-gronne-belte\\\/\"]}]},{\"@type\":\"ImageObject\",\"inLanguage\":\"nb-NO\",\"@id\":\"https:\\\/\\\/www.interreg-sverige-norge.com\\\/no\\\/nye-interreg-prosjekt-i-nordens-gronne-belte\\\/#primaryimage\",\"url\":\"https:\\\/\\\/www.interreg-sverige-norge.com\\\/wp-content\\\/uploads\\\/Bilde2.jpg\",\"contentUrl\":\"https:\\\/\\\/www.interreg-sverige-norge.com\\\/wp-content\\\/uploads\\\/Bilde2.jpg\",\"width\":454,\"height\":226},{\"@type\":\"BreadcrumbList\",\"@id\":\"https:\\\/\\\/www.interreg-sverige-norge.com\\\/no\\\/nye-interreg-prosjekt-i-nordens-gronne-belte\\\/#breadcrumb\",\"itemListElement\":[{\"@type\":\"ListItem\",\"position\":1,\"name\":\"Start\",\"item\":\"https:\\\/\\\/www.interreg-sverige-norge.com\\\/no\\\/\"},{\"@type\":\"ListItem\",\"position\":2,\"name\":\"Artikler\",\"item\":\"https:\\\/\\\/www.interreg-sverige-norge.com\\\/no\\\/category\\\/artikler\\\/\"},{\"@type\":\"ListItem\",\"position\":3,\"name\":\"Nye Interreg-prosjekt i Nordens gr\u00f8nne belte\"}]},{\"@type\":\"WebSite\",\"@id\":\"https:\\\/\\\/www.interreg-sverige-norge.com\\\/no\\\/#website\",\"url\":\"https:\\\/\\\/www.interreg-sverige-norge.com\\\/no\\\/\",\"name\":\"Interreg Sverige-Norge\",\"description\":\"\",\"publisher\":{\"@id\":\"https:\\\/\\\/www.interreg-sverige-norge.com\\\/no\\\/#organization\"},\"potentialAction\":[{\"@type\":\"SearchAction\",\"target\":{\"@type\":\"EntryPoint\",\"urlTemplate\":\"https:\\\/\\\/www.interreg-sverige-norge.com\\\/no\\\/?s={search_term_string}\"},\"query-input\":{\"@type\":\"PropertyValueSpecification\",\"valueRequired\":true,\"valueName\":\"search_term_string\"}}],\"inLanguage\":\"nb-NO\"},{\"@type\":\"Organization\",\"@id\":\"https:\\\/\\\/www.interreg-sverige-norge.com\\\/no\\\/#organization\",\"name\":\"Interreg Sverige\u2013Norge\",\"url\":\"https:\\\/\\\/www.interreg-sverige-norge.com\\\/no\\\/\",\"logo\":{\"@type\":\"ImageObject\",\"inLanguage\":\"nb-NO\",\"@id\":\"https:\\\/\\\/www.interreg-sverige-norge.com\\\/no\\\/#\\\/schema\\\/logo\\\/image\\\/\",\"url\":\"https:\\\/\\\/www.interreg-sverige-norge.com\\\/wp-content\\\/uploads\\\/Interreg-logo.svg\",\"contentUrl\":\"https:\\\/\\\/www.interreg-sverige-norge.com\\\/wp-content\\\/uploads\\\/Interreg-logo.svg\",\"width\":409,\"height\":91,\"caption\":\"Interreg Sverige\u2013Norge\"},\"image\":{\"@id\":\"https:\\\/\\\/www.interreg-sverige-norge.com\\\/no\\\/#\\\/schema\\\/logo\\\/image\\\/\"},\"sameAs\":[\"https:\\\/\\\/www.facebook.com\\\/Interreg-Sverige-Norge-543432269147183\\\/\",\"https:\\\/\\\/www.youtube.com\\\/channel\\\/UCkwTnZPG8RAJVCppT3vT1Eg\"]},{\"@type\":\"Person\",\"@id\":\"https:\\\/\\\/www.interreg-sverige-norge.com\\\/no\\\/#\\\/schema\\\/person\\\/7d330759cf4ffb221df5697087f1f836\",\"name\":\"Marie Bohman L\u00e5te\",\"image\":{\"@type\":\"ImageObject\",\"inLanguage\":\"nb-NO\",\"@id\":\"https:\\\/\\\/secure.gravatar.com\\\/avatar\\\/5865f9e965d2628d6c3f81802c209f79471b2ab591b4001ad61f33cfa8ddb41c?s=96&d=mm&r=g\",\"url\":\"https:\\\/\\\/secure.gravatar.com\\\/avatar\\\/5865f9e965d2628d6c3f81802c209f79471b2ab591b4001ad61f33cfa8ddb41c?s=96&d=mm&r=g\",\"contentUrl\":\"https:\\\/\\\/secure.gravatar.com\\\/avatar\\\/5865f9e965d2628d6c3f81802c209f79471b2ab591b4001ad61f33cfa8ddb41c?s=96&d=mm&r=g\",\"caption\":\"Marie Bohman L\u00e5te\"},\"sameAs\":[\"https:\\\/\\\/www.interreg-sverige-norge.com\\\/\"]}]}<\/script>\n<!-- \/ Yoast SEO plugin. -->","yoast_head_json":{"title":"Nye Interreg-prosjekt i Nordens gr\u00f8nne belte - Interreg Sverige-Norge","robots":{"index":"index","follow":"follow","max-snippet":"max-snippet:-1","max-image-preview":"max-image-preview:large","max-video-preview":"max-video-preview:-1"},"canonical":"https:\/\/www.interreg-sverige-norge.com\/no\/nye-interreg-prosjekt-i-nordens-gronne-belte\/","og_locale":"nb_NO","og_type":"article","og_title":"Nye Interreg-prosjekt i Nordens gr\u00f8nne belte - Interreg Sverige-Norge","og_description":"Under h\u00f8stm\u00f8tet i styringsgruppen for delomr\u00e5de Nordens gr\u00f8nne belte ble 6 prosjekter innvilget st\u00f8tte. Green Flyway 2 &#8211; Zero Emission Urban and Rural Air Mobility Cross BorderProsjektet har som m\u00e5l \u00e5 etablere testmilj\u00f8er og testomr\u00e5der for elektriske og autonome fly i luftkorridoren mellom R\u00f6ros og \u00d6stersund for \u00e5 finne mulige standardl\u00f8sninger for ladeinfrastruktur, flykontroll og [&hellip;]","og_url":"https:\/\/www.interreg-sverige-norge.com\/no\/nye-interreg-prosjekt-i-nordens-gronne-belte\/","og_site_name":"Interreg Sverige-Norge","article_publisher":"https:\/\/www.facebook.com\/Interreg-Sverige-Norge-543432269147183\/","article_published_time":"2023-12-01T07:43:12+00:00","article_modified_time":"2026-01-28T11:57:01+00:00","og_image":[{"width":454,"height":226,"url":"https:\/\/www.interreg-sverige-norge.com\/wp-content\/uploads\/Bilde2.jpg","type":"image\/jpeg"}],"author":"Marie Bohman L\u00e5te","twitter_card":"summary_large_image","twitter_misc":{"Skrevet av":"Marie Bohman L\u00e5te","Ansl. lesetid":"2 minutter"},"schema":{"@context":"https:\/\/schema.org","@graph":[{"@type":"Article","@id":"https:\/\/www.interreg-sverige-norge.com\/no\/nye-interreg-prosjekt-i-nordens-gronne-belte\/#article","isPartOf":{"@id":"https:\/\/www.interreg-sverige-norge.com\/no\/nye-interreg-prosjekt-i-nordens-gronne-belte\/"},"author":{"name":"Marie Bohman L\u00e5te","@id":"https:\/\/www.interreg-sverige-norge.com\/no\/#\/schema\/person\/7d330759cf4ffb221df5697087f1f836"},"headline":"Nye Interreg-prosjekt i Nordens gr\u00f8nne belte","datePublished":"2023-12-01T07:43:12+00:00","dateModified":"2026-01-28T11:57:01+00:00","mainEntityOfPage":{"@id":"https:\/\/www.interreg-sverige-norge.com\/no\/nye-interreg-prosjekt-i-nordens-gronne-belte\/"},"wordCount":394,"publisher":{"@id":"https:\/\/www.interreg-sverige-norge.com\/no\/#organization"},"image":{"@id":"https:\/\/www.interreg-sverige-norge.com\/no\/nye-interreg-prosjekt-i-nordens-gronne-belte\/#primaryimage"},"thumbnailUrl":"https:\/\/www.interreg-sverige-norge.com\/wp-content\/uploads\/Bilde2.jpg","articleSection":["Artikler"],"inLanguage":"nb-NO"},{"@type":"WebPage","@id":"https:\/\/www.interreg-sverige-norge.com\/no\/nye-interreg-prosjekt-i-nordens-gronne-belte\/","url":"https:\/\/www.interreg-sverige-norge.com\/no\/nye-interreg-prosjekt-i-nordens-gronne-belte\/","name":"Nye Interreg-prosjekt i Nordens gr\u00f8nne belte - Interreg Sverige-Norge","isPartOf":{"@id":"https:\/\/www.interreg-sverige-norge.com\/no\/#website"},"primaryImageOfPage":{"@id":"https:\/\/www.interreg-sverige-norge.com\/no\/nye-interreg-prosjekt-i-nordens-gronne-belte\/#primaryimage"},"image":{"@id":"https:\/\/www.interreg-sverige-norge.com\/no\/nye-interreg-prosjekt-i-nordens-gronne-belte\/#primaryimage"},"thumbnailUrl":"https:\/\/www.interreg-sverige-norge.com\/wp-content\/uploads\/Bilde2.jpg","datePublished":"2023-12-01T07:43:12+00:00","dateModified":"2026-01-28T11:57:01+00:00","breadcrumb":{"@id":"https:\/\/www.interreg-sverige-norge.com\/no\/nye-interreg-prosjekt-i-nordens-gronne-belte\/#breadcrumb"},"inLanguage":"nb-NO","potentialAction":[{"@type":"ReadAction","target":["https:\/\/www.interreg-sverige-norge.com\/no\/nye-interreg-prosjekt-i-nordens-gronne-belte\/"]}]},{"@type":"ImageObject","inLanguage":"nb-NO","@id":"https:\/\/www.interreg-sverige-norge.com\/no\/nye-interreg-prosjekt-i-nordens-gronne-belte\/#primaryimage","url":"https:\/\/www.interreg-sverige-norge.com\/wp-content\/uploads\/Bilde2.jpg","contentUrl":"https:\/\/www.interreg-sverige-norge.com\/wp-content\/uploads\/Bilde2.jpg","width":454,"height":226},{"@type":"BreadcrumbList","@id":"https:\/\/www.interreg-sverige-norge.com\/no\/nye-interreg-prosjekt-i-nordens-gronne-belte\/#breadcrumb","itemListElement":[{"@type":"ListItem","position":1,"name":"Start","item":"https:\/\/www.interreg-sverige-norge.com\/no\/"},{"@type":"ListItem","position":2,"name":"Artikler","item":"https:\/\/www.interreg-sverige-norge.com\/no\/category\/artikler\/"},{"@type":"ListItem","position":3,"name":"Nye Interreg-prosjekt i Nordens gr\u00f8nne belte"}]},{"@type":"WebSite","@id":"https:\/\/www.interreg-sverige-norge.com\/no\/#website","url":"https:\/\/www.interreg-sverige-norge.com\/no\/","name":"Interreg Sverige-Norge","description":"","publisher":{"@id":"https:\/\/www.interreg-sverige-norge.com\/no\/#organization"},"potentialAction":[{"@type":"SearchAction","target":{"@type":"EntryPoint","urlTemplate":"https:\/\/www.interreg-sverige-norge.com\/no\/?s={search_term_string}"},"query-input":{"@type":"PropertyValueSpecification","valueRequired":true,"valueName":"search_term_string"}}],"inLanguage":"nb-NO"},{"@type":"Organization","@id":"https:\/\/www.interreg-sverige-norge.com\/no\/#organization","name":"Interreg Sverige\u2013Norge","url":"https:\/\/www.interreg-sverige-norge.com\/no\/","logo":{"@type":"ImageObject","inLanguage":"nb-NO","@id":"https:\/\/www.interreg-sverige-norge.com\/no\/#\/schema\/logo\/image\/","url":"https:\/\/www.interreg-sverige-norge.com\/wp-content\/uploads\/Interreg-logo.svg","contentUrl":"https:\/\/www.interreg-sverige-norge.com\/wp-content\/uploads\/Interreg-logo.svg","width":409,"height":91,"caption":"Interreg Sverige\u2013Norge"},"image":{"@id":"https:\/\/www.interreg-sverige-norge.com\/no\/#\/schema\/logo\/image\/"},"sameAs":["https:\/\/www.facebook.com\/Interreg-Sverige-Norge-543432269147183\/","https:\/\/www.youtube.com\/channel\/UCkwTnZPG8RAJVCppT3vT1Eg"]},{"@type":"Person","@id":"https:\/\/www.interreg-sverige-norge.com\/no\/#\/schema\/person\/7d330759cf4ffb221df5697087f1f836","name":"Marie Bohman L\u00e5te","image":{"@type":"ImageObject","inLanguage":"nb-NO","@id":"https:\/\/secure.gravatar.com\/avatar\/5865f9e965d2628d6c3f81802c209f79471b2ab591b4001ad61f33cfa8ddb41c?s=96&d=mm&r=g","url":"https:\/\/secure.gravatar.com\/avatar\/5865f9e965d2628d6c3f81802c209f79471b2ab591b4001ad61f33cfa8ddb41c?s=96&d=mm&r=g","contentUrl":"https:\/\/secure.gravatar.com\/avatar\/5865f9e965d2628d6c3f81802c209f79471b2ab591b4001ad61f33cfa8ddb41c?s=96&d=mm&r=g","caption":"Marie Bohman L\u00e5te"},"sameAs":["https:\/\/www.interreg-sverige-norge.com\/"]}]}},"_links":{"self":[{"href":"https:\/\/www.interreg-sverige-norge.com\/no\/wp-json\/wp\/v2\/posts\/11843","targetHints":{"allow":["GET"]}}],"collection":[{"href":"https:\/\/www.interreg-sverige-norge.com\/no\/wp-json\/wp\/v2\/posts"}],"about":[{"href":"https:\/\/www.interreg-sverige-norge.com\/no\/wp-json\/wp\/v2\/types\/post"}],"author":[{"embeddable":true,"href":"https:\/\/www.interreg-sverige-norge.com\/no\/wp-json\/wp\/v2\/users\/21"}],"replies":[{"embeddable":true,"href":"https:\/\/www.interreg-sverige-norge.com\/no\/wp-json\/wp\/v2\/comments?post=11843"}],"version-history":[{"count":4,"href":"https:\/\/www.interreg-sverige-norge.com\/no\/wp-json\/wp\/v2\/posts\/11843\/revisions"}],"predecessor-version":[{"id":16301,"href":"https:\/\/www.interreg-sverige-norge.com\/no\/wp-json\/wp\/v2\/posts\/11843\/revisions\/16301"}],"wp:featuredmedia":[{"embeddable":true,"href":"https:\/\/www.interreg-sverige-norge.com\/no\/wp-json\/wp\/v2\/media\/11645"}],"wp:attachment":[{"href":"https:\/\/www.interreg-sverige-norge.com\/no\/wp-json\/wp\/v2\/media?parent=11843"}],"wp:term":[{"taxonomy":"category","embeddable":true,"href":"https:\/\/www.interreg-sverige-norge.com\/no\/wp-json\/wp\/v2\/categories?post=11843"},{"taxonomy":"post_tag","embeddable":true,"href":"https:\/\/www.interreg-sverige-norge.com\/no\/wp-json\/wp\/v2\/tags?post=11843"}],"curies":[{"name":"wp","href":"https:\/\/api.w.org\/{rel}","templated":true}]}}